{"id":1291,"date":"2014-09-01T15:30:53","date_gmt":"2014-09-01T13:30:53","guid":{"rendered":"http:\/\/ecrire-coach.biographe-valeriejean.fr\/?p=1291"},"modified":"2014-09-01T15:30:53","modified_gmt":"2014-09-01T13:30:53","slug":"leducation-populaire","status":"publish","type":"post","link":"https:\/\/ecrire-coach.biographe-valeriejean.fr\/?p=1291","title":{"rendered":"L&rsquo;\u00c9ducation populaire"},"content":{"rendered":"<h1>l&rsquo;\u00c9ducation populaire le savoir \u00eatre au service du savoir faire pour tous.<\/h1>\n<h2>Les fondateurs de mon histoire qui me lient aux valeurs de l\u2019Education populaire.<\/h2>\n<p style=\"text-align: justify;\">Si je recherche les acteurs de mon enfance et de mon adolescence qui m\u2019ont permis de me construire et de me r\u00e9aliser dans les m\u00e9tiers de l\u2019animation, je ne trouve aucun militant ou m\u00eame adh\u00e9rent d\u2019un mouvement d\u2019Education Populaire.<br \/>\nPar contre mon chemin \u00e9ducatif a toujours \u00e9t\u00e9 synonyme d\u2019\u00e9changes et de rencontres.<br \/>\nMon p\u00e8re a \u00e9t\u00e9 Pr\u00e9sident national de la Table ronde.<!--more--><br \/>\nCe club, \u00e9litiste par la s\u00e9lection de ses membres, (parrainages organis\u00e9s entre cadres et professions lib\u00e9rales), sans aucunement \u00eatre empreint de l\u2019esprit de l\u2019\u00c9ducation Populaire, d\u00e9veloppe des pratiques bas\u00e9es sur l\u2019\u00e9change et la rencontre.<br \/>\nCe f\u00fbt, (et peut \u00eatre encore ) un espace culturel o\u00f9 des hommes, au-del\u00e0 de leur culture professionnelle, b\u00e9n\u00e9ficiaient d\u2019une certaine ouverture vers d\u2019autres champs culturels.<br \/>\nAinsi se sont organis\u00e9s autour de moi, pendant mes ann\u00e9es d\u2019enfance, des rallyes sportifs, des conf\u00e9rences, des voyages, des jumelages et des f\u00eates.<\/p>\n<p style=\"text-align: justify;\">Parall\u00e8lement ma scolarit\u00e9 s\u2019est partag\u00e9e entre les \u00e9coles publiques et les institutions religieuses, sans qu\u2019aucune de ces deux influences id\u00e9ologiques ne m\u2019ait pes\u00e9e, ni s\u00e9duite.<br \/>\nCette exp\u00e9rience m\u2019a apport\u00e9e, je pense, un esprit de tol\u00e9rance, un sens de l\u2019adaptation mais surtout une m\u00e9fiance vis-\u00e0-vis des pr\u00e9jug\u00e9s, des conformismes et des embrigadements de toute nature.<br \/>\nDans une de ces institutions, un professeur d\u2019\u00e9ducation physique m\u2019a initi\u00e9e \u00e0 la pratique de la danse.<br \/>\nLes cours qu\u2019elle nous prodiguait \u00e9tait surtout un \u00e9veil \u00e0 la cr\u00e9ativit\u00e9, \u00e0 la libert\u00e9 par l\u2019expression corporelle.Les s\u00e9ances d\u00e9passaient le simple fait de se mouvoir avec technique et gr\u00e2ce dans l\u2019espace. Nos improvisations abordaient des th\u00e8mes induisant une certaine r\u00e9flexion sur soi et sur le monde qui nous entoure.<br \/>\nDes chor\u00e9graphies telles que \u00ab La machine \u00bb \u00e9tait interpr\u00e9t\u00e9e en totale improvisation sur sc\u00e8ne. Sur l\u2019ouverture de Tannahauser de Wagner, c\u2019\u00e9tait la mise en sc\u00e8ne de la mort de l\u2019humanit\u00e9 par le progr\u00e8s, symbolis\u00e9 par \u00ab La machine \u00bb o\u00f9 seul survivait un homme\u00a0 qui finissait par mourir de rester le seul. Ce sont des instants inoubliables que je revis quand j\u2019\u00e9coute cette sublime ouverture de Wagner qui me tire alors des larmes gonfl\u00e9es de l\u2019\u00e9motion ressentie sur sc\u00e8ne.<br \/>\nC\u2019\u00e9tait en 1974, j\u2019avais quinze ans.<br \/>\nPar la suite cette volont\u00e9 de dire des choses en dansant m\u2019a toujours anim\u00e9e.<br \/>\nLes spectacles que j\u2019ai \u00e9crits invitent acteurs et public \u00e0 la r\u00e9flexion ou du moins sont con\u00e7us avec l\u2019espoir que cela aboutisse aussi \u00e0 cela.<\/p>\n<p style=\"text-align: justify;\">Dans un autre registre, mon professeur d\u2019histoire-g\u00e9ographie au lyc\u00e9e, outre le fait d\u2019avoir passionn\u00e9 ses \u00e9l\u00e8ves, organisait des s\u00e9jours en collaboration avec l\u2019\u00e9quipe de pr\u00e9vention sp\u00e9cialis\u00e9e ( ceux qu\u2019on nommait \u00e0 l&rsquo;\u00e9poque les \u00e9ducateurs de rue ).<br \/>\nAinsi se d\u00e9veloppaient des relations amicales entre des jeunes issus de tous les milieux, de parcours scolaires et professionnels diff\u00e9rents.<br \/>\nJ\u2019ai le souvenir d\u2019une grande libert\u00e9 d\u2019action laiss\u00e9e aux jeunes.<br \/>\nLes participants \u00e9taient en situation de responsabilit\u00e9, capables de choisir leur programme de visite et de se donner les moyens de les r\u00e9aliser.<br \/>\nLa majorit\u00e9 des jeunes ont construit leur s\u00e9jour se partageant autant sur des activit\u00e9s pleinement culturelles (mus\u00e9es, \u00e9glises, expositions, monuments\u2026) que r\u00e9cr\u00e9atives (discoth\u00e8que, restaurant, f\u00eates, baignade etc..) et ce en totale libert\u00e9 de choix.<br \/>\nC\u2019\u00e9tait en 1976, j\u2019avais seize ans.<\/p>\n<h2>Faire reliance dans ma pratique aux valeurs de l\u2019Education populaire<\/h2>\n<p style=\"text-align: justify;\">Dans mon m\u00e9moire d\u2019approfondissement, je m\u2019interrogeais sur ma l\u00e9gitimit\u00e9 \u00e0 me reconna\u00eetre dans les valeurs de l\u2019\u00c9ducation Populaire.<br \/>\nEt apr\u00e8s avoir analys\u00e9 mes pratiques se rapportant \u00e0 mes exp\u00e9riences qui avaient ponctu\u00e9es mon parcours je concluais que je pouvais me consid\u00e9rer comme vecteur de l\u2019\u00c9ducation populaire.<br \/>\nJe ne choisirai qu\u2019un court extrait de mon texte de l\u2019\u00e9poque pour rester dans le sujet qui nous occupe : la reconnaissance sociale<\/p>\n<p>Je disais alors :<\/p>\n<p style=\"text-align: justify;\">\u00ab Trouver la source du talent chez l\u2019autre qui puisse, s\u2019il l\u2019avait perdu, lui redonner confiance dans ses capacit\u00e9s et donner de la valeur dans un espace public \u00e0 ses savoirs faire, \u00e0 ses comp\u00e9tences. \u00bb (1)<br \/>\nExtrait de \u00ab A toi Education populaire, Des images qui te font exister, des croyances qui me font vivre \u00bb M\u00e9moire d\u2019approfondissement transversal en sciences humaines.Novembre 2000 p 37<a href=\"http:\/\/ecrire-coach.biographe-valeriejean.fr\/wp-content\/uploads\/2014\/09\/1992.1-copie.jpg\"><img loading=\"lazy\" decoding=\"async\" class=\"alignright size-medium wp-image-1292\" src=\"http:\/\/ecrire-coach.biographe-valeriejean.fr\/wp-content\/uploads\/2014\/09\/1992.1-copie-217x300.jpg\" alt=\"\u00e9ducation populaire, animation\" width=\"217\" height=\"300\" \/><\/a><\/p>\n<p style=\"text-align: justify;\">J\u2019esp\u00e8re avoir d\u00e9montr\u00e9 au fil de ces pages que l\u2019esprit qui m\u2019anime n\u2019a pas vari\u00e9 et que cette phrase peut encore illustrer l\u2019analyse de mon exp\u00e9rience d\u2019animation.<\/p>\n<p style=\"text-align: justify;\">Car si je me r\u00e9f\u00e8re \u00e0 Lucien Trichaud qui a tent\u00e9 de d\u00e9finir l\u2019Education Populaire, la conviction de pratiquer l\u2019Education Populaire au sens d\u2019en appliquer certains pr\u00e9ceptes est une d\u00e9marche intime et personnelle.<\/p>\n<p style=\"text-align: justify;\">L&rsquo;Education populaire est \u00e0 la fois un fait personnel, un fait social, un fait de civilisation. Plus que contenu \u00e0 transmettre, elle est construction personnelle, elle contribue \u00e0 la synth\u00e8se, r\u00e9alis\u00e9e en chacun de nous, par nous-m\u00eames, des \u00e9l\u00e9ments de l&rsquo;espace et du temps dans lesquels nous agissons. Elle est le contraire de l&rsquo;\u00e9gocentrisme et de la certitude. Elle est le doute, l&rsquo;ouverture, le dialogue, la compr\u00e9hension. Elle est volont\u00e9, raison, imagination, action. Elle est amour, d\u00e9passement de soi, aspiration \u00e0 l&rsquo;universel, et, dans le m\u00eame temps, pr\u00e9servation de nos racines. Elle est l&rsquo;expression de la morale, de l&rsquo;\u00e9thique, que nous avons re\u00e7ue des autres, mais que nous adaptons \u00e0 la dimension du monde. Elle d\u00e9finit notre orbite personnelle dans le temps et l&rsquo;espace, et tend \u00e0 nous situer par rapport \u00e0 l&rsquo;\u00e9ternit\u00e9.\u00a0\u00bb (2)<br \/>\n<em>(2)Trichaud Lucien, intervention au Colloque du minist\u00e8re de la Coop\u00e9ration titre de l&rsquo;intervention?, Paris, 1990.<\/em><\/p>\n<p style=\"text-align: justify;\">Ce que je constate c\u2019est que quotidiennement ces phrases m\u2019inspirent et que \u00e0 l\u2019issue de ce travail, mes convictions \u00e0 participer \u00e0 la d\u00e9fense de ces valeurs sont plus fortes encore.<\/p>\n<p style=\"text-align: justify;\">Que restaurer de la dignit\u00e9 aupr\u00e8s des populations oubli\u00e9es ou mal accompagn\u00e9es est une partie incontournable de mon m\u00e9tier mais que produire de la connaissance chez l\u2019autre pour qu\u2019il trouve les ressources n\u00e9cessaires au d\u00e9passement de la fragilit\u00e9 de soi peut aboutir \u00e0 d\u00e9voiler ses propres doutes.<br \/>\nC\u2019est en cela que l\u2019\u00c9ducation populaire est une relation permanente d\u2019\u00e9change qui produit du sens et du collectif.<\/p>\n<p style=\"text-align: justify;\">Lors de <a href=\"http:\/\/ecrire-coach.biographe-valeriejean.fr\/creation-artistique\/mes-spectacles\/\">mes exp\u00e9riences de spectacles,<\/a> j\u2019ai beaucoup donn\u00e9 et j\u2019ai beaucoup re\u00e7u.<br \/>\nEn effet, progresser dans la mise en \u0153uvre de ces projets collectifs m\u2019a permis de d\u00e9passer l\u2019accompagnement individuel au profit de la mobilisation collective pour servir un projet de quartier visant \u00e0 apporter \u00e0 chacun une place pas seulement dans le spectacle mais aussi dans l\u2019association et par l\u00e0 m\u00eame dans la cit\u00e9.<\/p>\n<p style=\"text-align: justify;\">Qu\u2019en ce sens, \u00ab\u00a0Starmania\u00a0\u00bb,\u00a0 \u00ab\u00a0<a href=\"http:\/\/www.biographe-valeriejean.fr\/ecrire-un-conte\/ecriture-biographique-ecrire-sa-vie.html\">le conte de la grenouille bleue\u00a0\u00bb, \u00a0\u00a0 <\/a>et tous les spectacles que j&rsquo;ai \u00e9t\u00e9 amen\u00e9e \u00e0 cr\u00e9er dans mon parcours d&rsquo;animatrice, ont \u00e9t\u00e9 des outils culturesl dont les enjeux de d\u00e9part sont devenus les enjeux de la valorisation d\u2019un quartier et de ses habitants.<br \/>\nQu\u2019ainsi donc l\u2019engagement d\u2019un noyau d\u2019habitants sur ces spectacles a contribu\u00e9 \u00e0 structurer un \u00e9v\u00e8nement qui d\u00e9passe la mise en sc\u00e8ne de th\u00e9\u00e2tre ou de danse et qui int\u00e8gre chacun dans un espace de participation \u00e0 l\u2019\u00e9chelle locale.<\/p>\n<p>Le plus difficile \u00e9tant de faire adh\u00e9rer les membres d\u2019un groupe \u00e0 un projet. Ainsi, il y a un jeu d\u2019\u00e9quilibre \u00e0 trouver entre \u00eatre force de propositions et laisser \u00e9merger l\u2019initiative pour que le projet collectif reste la d\u00e9marche n\u00e9goci\u00e9e avec tous les acteurs. Qu\u2019en cela le facteur temps reste essentiel pour ne pas mener trop vite une r\u00e9alisation avant que tous ne le construisent avec maturation.<\/p>\n<h2>CONCLUSION<\/h2>\n<p>Savoir vivre ensemble dans des lieux difficiles o\u00f9 le danger est que chacun soit rel\u00e9gu\u00e9 chez lui parce qu\u2019il se sent inutile est un enjeu fondamental et davantage encore dans les lieux de rel\u00e9gation sociale.<br \/>\nLe lien social d\u00e9lit\u00e9 n\u2019est pas une fatalit\u00e9. Nous, passeurs de culture, m\u00e9diateur du contact, \u00e9couteur d\u2019histoires de mis\u00e8re, animateurs de groupes h\u00e9t\u00e9rog\u00e8nes devons rester humbles dans nos projets pour qu\u2019ils puissent atteindre nos objectifs tout en gardant en perspective de grandir le citoyen autonome qui sommeille en chacun de nous.<br \/>\nSachant que le\u00a0 m\u00e9tier d&rsquo;animateur est bas\u00e9 sur la relation humaine dans le cadre d\u2019un syst\u00e8me complexe.<br \/>\nLeur place, que j&rsquo;ai eu pendant trente ann\u00e9es, est \u00e0 la crois\u00e9e de l\u2019individu, du groupe et de l\u2019institution et qu\u2019il est essentiel de comprendre les strat\u00e9gies de chaque acteur pour pouvoir mener notre action en respectant la sph\u00e8re priv\u00e9e dans l\u2019espace public.<\/p>\n<p>Refuser \u00e0 produire des actions format\u00e9es par des politiques publiques d\u2019o\u00f9 \u00e9manent trop souvent l\u2019injonction \u00ab \u00e0 faire participer \u00bb les habitants sans qu\u2019aucun sens ne soit donn\u00e9 \u00e0 cette participation, est une de leurs responsabilit\u00e9s.<\/p>\n<p>En effet comme l\u2019explique si justement Jean Claude Gillet, l\u2019animateur ne doit pas \u00eatre dans une logique d\u2019action productive du lien social (au sens technique et instrumental li\u00e9 \u00e0 son \u00ab expertise \u00bb) mais bien dans la m\u00e9diaction o\u00f9 prime la recherche de significations communes entre acteurs, combin\u00e9es au travers du projet.<br \/>\nLa recherche du sens est donc primordiale, et en cela l\u2019animateur ne peut se limiter \u00e0 \u00eatre un ex\u00e9cutant mais se trouve impliqu\u00e9 en temps que personne avec ses repr\u00e9sentations, ses savoirs et ses convictions sans que ceux-ci n\u2019interf\u00e8rent dans sa relation aux personnes.<br \/>\n\u00ab Avec cette vision et des strat\u00e9gies qui tiennent compte de la r\u00e9alit\u00e9 sociale, \u00e9conomique et culturelle, du r\u00f4le de l\u2019Etat et des autres acteurs, il pourra d\u00e9velopper des processus d\u2019influence et de l\u00e9gitimation sur le plan politique, ne perdant pas de vue les id\u00e9aux ni les valeurs fondamentales de l\u2019animation \u00bb (1) et tendre vers l\u2019enjeu primordial d\u2019un savoir vivre ensemble condition de la r\u00e9ussite d\u2019un avenir soci\u00e9tal commun.<br \/>\n(1) Jean Claude Gillet. Animation et animateurs .Le sens de l\u2019action p 299 Technologie de l\u2019action sociale.Ed L\u2019harmattan 1995<\/p>\n<h2>L\u2019\u00eatre unique, entit\u00e9 d\u2019un collectif social<\/h2>\n<p style=\"text-align: justify;\">Je d\u00e9fends l\u2019id\u00e9e que le \u00ab talent \u00bb est extr\u00eamement bien cach\u00e9 et que le d\u00e9couvrir est vital pour soi mais aussi pour les autres car il enrichit et grandit le projet collectif.<\/p>\n<p style=\"text-align: justify;\">Je d\u00e9fends l\u2019id\u00e9e que chacun, par la t\u00e2che \u00e0 accomplir, contribue au succ\u00e8s du projet, qu\u2019il n\u2019y a donc pas de place ou de fonction premi\u00e8re.<br \/>\nOuvrir et fermer le rideau \u00e0 bon escient est primordial pour la r\u00e9ussite d\u2019un spectacle.<\/p>\n<p style=\"text-align: justify;\">Je d\u00e9fends l\u2019id\u00e9e que chacun peut mettre en sc\u00e8ne son histoire par ses mots, ses mains, sa voix, son rire et qu\u2019en temps qu\u2019\u00eatre unique il a tout \u00e0 apporter au monde et en particulier \u00e0 moi qui ne peut cr\u00e9er qu\u2019enrichie de son contact.<\/p>\n<p style=\"text-align: justify;\">Je d\u00e9fends l\u2019id\u00e9e que l\u2019ouverture sur autrui est une d\u00e9marche essentielle dans les rapports fond\u00e9s entre les hommes volontaires pour vivre ensemble.<\/p>\n<p style=\"text-align: justify;\">Je d\u00e9fends l\u2019id\u00e9e que construire notre vie sociale est un pacte partag\u00e9 et que la voie de l\u2019Education Populaire n\u2019est pas l\u2019apanage du domaine de l\u2019animation mais bien celui de la politique, lieu de la responsabilit\u00e9 de chacun de nous.<\/p>\n<p style=\"text-align: justify;\">Bien que j&rsquo;ai quitt\u00e9 le m\u00e9tier de l&rsquo;Animation, je suis toujours empreinte du sentiment d&rsquo;alt\u00e9rit\u00e9 qui le compose. Dans mon travail d&rsquo;\u00e9crivain biographe, ma pr\u00e9occupation est la m\u00eame: faire exister celui qui se raconte, par ses mots et lui permettre de produire son histoire qui lui apportera la reconnaissance des autres et l&rsquo;estime de lui m\u00eame.<\/p>\n<p style=\"text-align: justify;\"><a href=\"http:\/\/ecrire-coach.biographe-valeriejean.fr\/wp-content\/uploads\/2015\/11\/88x31.png\"><img loading=\"lazy\" decoding=\"async\" class=\"size-full wp-image-1928 alignleft\" src=\"http:\/\/ecrire-coach.biographe-valeriejean.fr\/wp-content\/uploads\/2015\/11\/88x31.png\" alt=\"creative commons\" width=\"88\" height=\"31\" \/><\/a>Ce(tte) \u0153uvre est mise \u00e0 disposition selon les termes de la <a href=\"http:\/\/creativecommons.org\/licenses\/by-nc-nd\/2.0\/fr\/\" rel=\"license\">Licence Creative Commons Attribution &#8211; Pas d\u2019Utilisation Commerciale &#8211; Pas de Modification 2.0 France<\/a>.<\/p>\n<p>&nbsp;<\/p>\n<p>&nbsp;<\/p>\n","protected":false},"excerpt":{"rendered":"<p>l&rsquo;\u00c9ducation populaire le savoir \u00eatre au service du savoir faire pour tous. Les fondateurs de mon histoire qui me lient aux valeurs de l\u2019Education populaire. Si je recherche les acteurs de mon enfance et de mon adolescence qui m\u2019ont permis de me construire et de me r\u00e9aliser dans les m\u00e9tiers de l\u2019animation, je ne trouve &hellip; <a href=\"https:\/\/ecrire-coach.biographe-valeriejean.fr\/?p=1291\" class=\"more-link\">Continuer la lecture de <span class=\"screen-reader-text\">L&rsquo;\u00c9ducation populaire<\/span>  <span class=\"meta-nav\">&rarr;<\/span><\/a><\/p>\n","protected":false},"author":1,"featured_media":1296,"comment_status":"open","ping_status":"open","sticky":false,"template":"","format":"standard","meta":{"footnotes":""},"categories":[11],"tags":[21,62],"class_list":["post-1291","post","type-post","status-publish","format-standard","has-post-thumbnail","hentry","category-mes-textes","tag-animation","tag-education-populaire"],"aioseo_notices":[],"jetpack_featured_media_url":"https:\/\/ecrire-coach.biographe-valeriejean.fr\/wp-content\/uploads\/2014\/09\/1992.1-copie1-1.jpg","_links":{"self":[{"href":"https:\/\/ecrire-coach.biographe-valeriejean.fr\/index.php?rest_route=\/wp\/v2\/posts\/1291","targetHints":{"allow":["GET"]}}],"collection":[{"href":"https:\/\/ecrire-coach.biographe-valeriejean.fr\/index.php?rest_route=\/wp\/v2\/posts"}],"about":[{"href":"https:\/\/ecrire-coach.biographe-valeriejean.fr\/index.php?rest_route=\/wp\/v2\/types\/post"}],"author":[{"embeddable":true,"href":"https:\/\/ecrire-coach.biographe-valeriejean.fr\/index.php?rest_route=\/wp\/v2\/users\/1"}],"replies":[{"embeddable":true,"href":"https:\/\/ecrire-coach.biographe-valeriejean.fr\/index.php?rest_route=%2Fwp%2Fv2%2Fcomments&post=1291"}],"version-history":[{"count":0,"href":"https:\/\/ecrire-coach.biographe-valeriejean.fr\/index.php?rest_route=\/wp\/v2\/posts\/1291\/revisions"}],"wp:featuredmedia":[{"embeddable":true,"href":"https:\/\/ecrire-coach.biographe-valeriejean.fr\/index.php?rest_route=\/wp\/v2\/media\/1296"}],"wp:attachment":[{"href":"https:\/\/ecrire-coach.biographe-valeriejean.fr\/index.php?rest_route=%2Fwp%2Fv2%2Fmedia&parent=1291"}],"wp:term":[{"taxonomy":"category","embeddable":true,"href":"https:\/\/ecrire-coach.biographe-valeriejean.fr\/index.php?rest_route=%2Fwp%2Fv2%2Fcategories&post=1291"},{"taxonomy":"post_tag","embeddable":true,"href":"https:\/\/ecrire-coach.biographe-valeriejean.fr\/index.php?rest_route=%2Fwp%2Fv2%2Ftags&post=1291"}],"curies":[{"name":"wp","href":"https:\/\/api.w.org\/{rel}","templated":true}]}}