{"id":1885,"date":"2015-11-26T14:38:27","date_gmt":"2015-11-26T13:38:27","guid":{"rendered":"http:\/\/ecrire-coach.biographe-valeriejean.fr\/?p=1885"},"modified":"2015-11-26T14:38:27","modified_gmt":"2015-11-26T13:38:27","slug":"nos-objets-symboles","status":"publish","type":"post","link":"https:\/\/ecrire-coach.biographe-valeriejean.fr\/?p=1885","title":{"rendered":"Nos objets symboles"},"content":{"rendered":"<h1>Les objets symboles qui accompagnent nos vies<\/h1>\n<p style=\"text-align: justify;\">Il y a peu de temps tandis que je pr\u00e9parais mon sac pour aller \u00e0 Milan, par avion, je m&rsquo;interrogeais sur la pertinence d&#8217;emmener des objets qui sont toujours dans mon sac&#8230;Quelle utilit\u00e9 avaient-t-ils ? Aucune sur le plan organisationnel&#8230;Ils sont purement symboliques et pourtant au moment de transvaser le contenu de mon sac dans la pochette de voyage, il fallait me r\u00e9soudre \u00e0 les laisser&#8230;<\/p>\n<h3>Mais quels sont-ils ces fameux objets ?<\/h3>\n<p style=\"text-align: justify;\"><a href=\"http:\/\/ecrire-coach.biographe-valeriejean.fr\/wp-content\/uploads\/2015\/11\/P1370840.jpg\"><img loading=\"lazy\" decoding=\"async\" class=\"wp-image-1886 size-thumbnail alignleft\" src=\"http:\/\/ecrire-coach.biographe-valeriejean.fr\/wp-content\/uploads\/2015\/11\/P1370840-150x150.jpg\" alt=\"Livret Pierre\" width=\"150\" height=\"150\" \/><\/a>Tout d&rsquo;abord le premier d&rsquo;entre eux qui ne me quittent jamais car je trouve toujours une place \u00e0 lui faire dans mes bagages c&rsquo;est <strong>le livret de <a href=\"http:\/\/ecrire-coach.biographe-valeriejean.fr\/mes-publications\/edition-de-mon-dernier-livre-lettres-a-mon-fils-la-force-de-lamour\/\">l&rsquo;Adieu de Pierre<\/a><\/strong> incluant sur la couverture sa photo. A l&rsquo;int\u00e9rieur, les textes de la c\u00e9r\u00e9monie faite \u00e0 l&rsquo;\u00e9glise le jour de son d\u00e9part, le texte de la chanson \u00ab\u00a0Pourquoi tu pars de Jean Jacques Goldman\u00a0\u00bb, les anecdotes qui ont ponctu\u00e9es sa vie et ce que je consid\u00e8re comme ses exploits au regard de l&rsquo;handicap qui l&rsquo;avait.<br \/>\nJe pourrais me contenter d&rsquo;une de ses nombreuses photographies, moins encombrantes&#8230;mais non.<br \/>\nApr\u00e8s r\u00e9flexion, je pense que c&rsquo;est de ne jamais oublier le jour o\u00f9 il a rejoint les Anges et puisque sa vie n&rsquo;\u00e9tait plus, de l&rsquo;avoir en permanence avec moi au travers du r\u00e9sum\u00e9 de ce qu&rsquo;il fut, de ce qu&rsquo;il est devenu.<br \/>\nPendant longtemps, j&rsquo;ai eu \u00e9galement le cahier o\u00f9 je lui \u00e9crivais que j&rsquo;ai abandonn\u00e9 quand tout fut dit et qu&rsquo;un livre fut imprim\u00e9 ces lettres, pour restituer ce long cheminement: mon deuil de dix ann\u00e9es.<\/p>\n<p style=\"text-align: justify;\"><a href=\"http:\/\/ecrire-coach.biographe-valeriejean.fr\/wp-content\/uploads\/2015\/11\/P1370841.jpg\"><img loading=\"lazy\" decoding=\"async\" class=\"wp-image-1887 size-thumbnail alignleft\" src=\"http:\/\/ecrire-coach.biographe-valeriejean.fr\/wp-content\/uploads\/2015\/11\/P1370841-150x150.jpg\" alt=\"Reynald Roussel- coeur\" width=\"150\" height=\"150\" \/><\/a>Le deuxi\u00e8me est directement li\u00e9 au premier. C&rsquo;est <strong>le coeur en tissu<\/strong> que m&rsquo;a offert <a href=\"http:\/\/www.reynaldmedium.net\/\">Reynald Roussel<\/a>, l&rsquo;homme par lequel j&rsquo;ai pu exister de nouveau sans le poids mort du n\u00e9ant. Celui qui m&rsquo;a ouvert la voie vers l&rsquo;esp\u00e9rance et la n\u00e9cessit\u00e9 d&rsquo;apporter \u00e0 autrui mon exp\u00e9rience. Ce grand m\u00e9dium avec une grande humanit\u00e9, au-del\u00e0 des apparences, livre un combat contre l&rsquo;ignorance en\u00a0 apaisant,\u00a0 gr\u00e2ce \u00e0 ses capacit\u00e9s de clairvoyance, les coeurs meurtris des personnes endeuill\u00e9es. Ils les aident \u00e0 laisser partir les d\u00e9funts en paix pour qu&rsquo;ils continuent leur chemin dans leur nouvelle vie, hors nous, tout en maintenant un lien d&rsquo;amour ind\u00e9flectible.<br \/>\nGr\u00e2ce \u00e0 lui j&rsquo;ai pu me relever, et me r\u00e9orienter vers une existence plus profonde et me r\u00e9concilier avec Dieu. Non pas que j&rsquo;\u00e9tais f\u00e2ch\u00e9e! non mais, distante de l&rsquo;\u00e9glise et de ses pratiques souvent douteuses au travers l&rsquo;histoire. Dieu n&rsquo;est pas l&rsquo;\u00e9glise et c&rsquo;est \u00e0 chacun de trouver au fond de lui sa lumi\u00e8re. Ce qui ne veut pas dire que toutes les personnes qui sont dans l&rsquo;\u00e9glise ne valent rien. Chacun suit sa route vers Lui, \u00e0 sa mesure.<\/p>\n<p style=\"text-align: justify;\"><a href=\"http:\/\/ecrire-coach.biographe-valeriejean.fr\/wp-content\/uploads\/2015\/11\/P1370842.jpg\"><img loading=\"lazy\" decoding=\"async\" class=\"wp-image-1888 size-thumbnail alignleft\" src=\"http:\/\/ecrire-coach.biographe-valeriejean.fr\/wp-content\/uploads\/2015\/11\/P1370842-150x150.jpg\" alt=\"livret phto\" width=\"150\" height=\"150\" \/><\/a>Le troisi\u00e8me objet est un petit <a href=\"http:\/\/www.photobox.com\/\">livret de photographies <\/a>de 7 cm x 7cm, minuscule et qui pourtant offre un panel de 35 images: bien pratique pour faire rentrer tous ceux que j&rsquo;aime dans mon sac. Reflets de mes attachements, il y en eut un premier avec mes enfants et des amis et puis un deuxi\u00e8me: entre temps, les enfants avaient grandi, Pierre et V\u00e9ronique, ma soeur, \u00e9taient partis&#8230;Les amis n&rsquo;y sont plus , amiti\u00e9s \u00e9ph\u00e9m\u00e8res quand l&rsquo;amour reste.<\/p>\n<p style=\"text-align: justify;\"><a href=\"http:\/\/ecrire-coach.biographe-valeriejean.fr\/wp-content\/uploads\/2015\/11\/P1370844.jpg\"><img loading=\"lazy\" decoding=\"async\" class=\"alignleft wp-image-1889 size-thumbnail\" src=\"http:\/\/ecrire-coach.biographe-valeriejean.fr\/wp-content\/uploads\/2015\/11\/P1370844-150x150.jpg\" alt=\"stylo-etui\" width=\"150\" height=\"150\" \/><\/a>Enfin le quatri\u00e8me est un stylo, magnifique, que ma fille m&rsquo;a offert \u00e0 un anniversaire. Celui ne rentre pas dans l&rsquo;objet symbolique me direz-vous: il sert \u00e0 \u00e9crire&#8230;Sauf que je ne le sors pratiquement jamais, me servant d&rsquo;un bic ou tout autre crayon qui me tombe sous la main&#8230;<\/p>\n<p>Que repr\u00e9sentent tous ces objets ? Au del\u00e0 des explications que j&rsquo;en donne?<\/p>\n<h3><strong>Quelles fonctions se cachent derri\u00e8re les symboles<\/strong><\/h3>\n<p style=\"text-align: justify;\">Ils sont en premier lieu porteur de sens, ils <em>signifient<\/em> quelque chose apportant un signe, c&rsquo;est une <strong>fonction s\u00e9miotique<\/strong>.<\/p>\n<dl>\n<dd>En second lieu, il sont la r\u00e9alit\u00e9 concr\u00e8te et visible de r\u00e9alit\u00e9s qui ne le sont pas, que l&rsquo;on ne peut appr\u00e9hender, qui d\u00e9passent le clair, le compr\u00e9hensible. C&rsquo;est la <strong>fonction r\u00e9v\u00e9latrice<\/strong> du symbole.<\/dd>\n<dd>Le symbole est universel, traduisant tout ce qui fait l&rsquo;homme depuis la nuit des temps: l&rsquo;amour, la peur, la mort, la vie&#8230; et les qualit\u00e9s ou d\u00e9fauts qui s&rsquo;y rattachent. Il introduit une corr\u00e9lation entre l&rsquo;objet symbolis\u00e9 (ou sa repr\u00e9sentation) et le symbolisant. C&rsquo;est la<strong> fonction universalisante.<\/strong><\/dd>\n<dd>Puis viennent les <strong>fonctions \u00ab\u00a0agissantes\u00a0\u00bb<\/strong> sur celui qui croie en son symbole. On pare alors le symbole de vertus convaincantes, qui donnent de l&rsquo;\u00e9nergie, de la s\u00e9curit\u00e9 qui nous lie \u00e0 notre int\u00e9rieur, \u00e0 notre intimit\u00e9.<\/dd>\n<dd>Sans intellectualiser davantage, je sais que ces objets ont une importance pour moi et qu&rsquo;ils ne sont jamais oubli\u00e9s au hasard des mes p\u00e9r\u00e9grinations et que s&rsquo;ils le sont temporairement, ils r\u00e9int\u00e8grent toujours leur place \u00e0 mes c\u00f4t\u00e9s, gardien de mon histoire, de mon existence, de ce que je suis, porteurs des valeurs qui me traversent.<\/dd>\n<dd>Et vous, vos objets symboliques vous parlent-ils?<\/dd>\n<\/dl>\n<p><a href=\"http:\/\/ecrire-coach.biographe-valeriejean.fr\/wp-content\/uploads\/2015\/11\/88x31.png\"><img loading=\"lazy\" decoding=\"async\" class=\"size-full wp-image-1928 alignleft\" src=\"http:\/\/ecrire-coach.biographe-valeriejean.fr\/wp-content\/uploads\/2015\/11\/88x31.png\" alt=\"creative commons\" width=\"88\" height=\"31\" \/><\/a><\/p>\n<p>Ce(tte) \u0153uvre est mise \u00e0 disposition selon les termes de la <a href=\"http:\/\/creativecommons.org\/licenses\/by-nc-nd\/2.0\/fr\/\" rel=\"license\">Licence Creative Commons Attribution \u2013 Pas d\u2019Utilisation Commerciale \u2013 Pas de Modification 2.0 France<\/a>.<\/p>\n<p>&nbsp;<\/p>\n","protected":false},"excerpt":{"rendered":"<p>Les objets symboles qui accompagnent nos vies Il y a peu de temps tandis que je pr\u00e9parais mon sac pour aller \u00e0 Milan, par avion, je m&rsquo;interrogeais sur la pertinence d&#8217;emmener des objets qui sont toujours dans mon sac&#8230;Quelle utilit\u00e9 avaient-t-ils ? Aucune sur le plan organisationnel&#8230;Ils sont purement symboliques et pourtant au moment de &hellip; <a href=\"https:\/\/ecrire-coach.biographe-valeriejean.fr\/?p=1885\" class=\"more-link\">Continuer la lecture de <span class=\"screen-reader-text\">Nos objets symboles<\/span>  <span class=\"meta-nav\">&rarr;<\/span><\/a><\/p>\n","protected":false},"author":1,"featured_media":1887,"comment_status":"open","ping_status":"open","sticky":false,"template":"","format":"aside","meta":{"footnotes":""},"categories":[8],"tags":[],"class_list":["post-1885","post","type-post","status-publish","format-aside","has-post-thumbnail","hentry","category-au-fil-de-ma-plume","post_format-post-format-aside"],"aioseo_notices":[],"jetpack_featured_media_url":"","_links":{"self":[{"href":"https:\/\/ecrire-coach.biographe-valeriejean.fr\/index.php?rest_route=\/wp\/v2\/posts\/1885","targetHints":{"allow":["GET"]}}],"collection":[{"href":"https:\/\/ecrire-coach.biographe-valeriejean.fr\/index.php?rest_route=\/wp\/v2\/posts"}],"about":[{"href":"https:\/\/ecrire-coach.biographe-valeriejean.fr\/index.php?rest_route=\/wp\/v2\/types\/post"}],"author":[{"embeddable":true,"href":"https:\/\/ecrire-coach.biographe-valeriejean.fr\/index.php?rest_route=\/wp\/v2\/users\/1"}],"replies":[{"embeddable":true,"href":"https:\/\/ecrire-coach.biographe-valeriejean.fr\/index.php?rest_route=%2Fwp%2Fv2%2Fcomments&post=1885"}],"version-history":[{"count":0,"href":"https:\/\/ecrire-coach.biographe-valeriejean.fr\/index.php?rest_route=\/wp\/v2\/posts\/1885\/revisions"}],"wp:featuredmedia":[{"embeddable":true,"href":"https:\/\/ecrire-coach.biographe-valeriejean.fr\/index.php?rest_route=\/"}],"wp:attachment":[{"href":"https:\/\/ecrire-coach.biographe-valeriejean.fr\/index.php?rest_route=%2Fwp%2Fv2%2Fmedia&parent=1885"}],"wp:term":[{"taxonomy":"category","embeddable":true,"href":"https:\/\/ecrire-coach.biographe-valeriejean.fr\/index.php?rest_route=%2Fwp%2Fv2%2Fcategories&post=1885"},{"taxonomy":"post_tag","embeddable":true,"href":"https:\/\/ecrire-coach.biographe-valeriejean.fr\/index.php?rest_route=%2Fwp%2Fv2%2Ftags&post=1885"}],"curies":[{"name":"wp","href":"https:\/\/api.w.org\/{rel}","templated":true}]}}