{"id":2013,"date":"2016-06-03T13:33:46","date_gmt":"2016-06-03T12:33:46","guid":{"rendered":"http:\/\/ecrire-coach.biographe-valeriejean.fr\/?p=2013"},"modified":"2016-06-03T13:33:46","modified_gmt":"2016-06-03T12:33:46","slug":"le-temps-dune-generation","status":"publish","type":"post","link":"https:\/\/ecrire-coach.biographe-valeriejean.fr\/?p=2013","title":{"rendered":"Le temps d&rsquo;une g\u00e9n\u00e9ration"},"content":{"rendered":"<h1><a href=\"http:\/\/www.biographe-valeriejean.fr\/\">Biographie<\/a> : \u00ab\u00a0le temps d&rsquo;une g\u00e9n\u00e9ration\u00a0\u00bb<\/h1>\n<p><a href=\"http:\/\/ecrire-coach.biographe-valeriejean.fr\/wp-content\/uploads\/2016\/06\/Le-temps-dune-ge\u0301ne\u0301ration-Biographe-valerie-jean-.jpg\"><img loading=\"lazy\" decoding=\"async\" class=\"size-medium wp-image-2014 aligncenter\" src=\"http:\/\/ecrire-coach.biographe-valeriejean.fr\/wp-content\/uploads\/2016\/06\/Le-temps-dune-ge\u0301ne\u0301ration-Biographe-valerie-jean--212x300.jpg\" alt=\"biographie valerie jean\" width=\"212\" height=\"300\" \/><\/a><\/p>\n<p>Biographie familiale r\u00e9alis\u00e9e en collaboration avec C\u00e9lestin.<\/p>\n<p>Le d\u00e9roul\u00e9 de sa vie entre service militaire, <a href=\"http:\/\/www.biographe-valeriejean.fr\/le-temps-dune-generation\/\">souvenirs et anecdotes <\/a>du temps o\u00f9 il \u00e9tait garagiste et enfance pass\u00e9 aupr\u00e8s de son p\u00e8re quand il cultivait le tabac&#8230;<\/p>\n","protected":false},"excerpt":{"rendered":"<p>Biographie : \u00ab\u00a0le temps d&rsquo;une g\u00e9n\u00e9ration\u00a0\u00bb Biographie familiale r\u00e9alis\u00e9e en collaboration avec C\u00e9lestin. Le d\u00e9roul\u00e9 de sa vie entre service militaire, souvenirs et anecdotes du temps o\u00f9 il \u00e9tait garagiste et enfance pass\u00e9 aupr\u00e8s de son p\u00e8re quand il cultivait le tabac&#8230;<\/p>\n","protected":false},"author":1,"featured_media":2014,"comment_status":"open","ping_status":"open","sticky":false,"template":"","format":"aside","meta":{"footnotes":""},"categories":[2],"tags":[],"class_list":["post-2013","post","type-post","status-publish","format-aside","has-post-thumbnail","hentry","category-les-biographies-realisees","post_format-post-format-aside"],"aioseo_notices":[],"jetpack_featured_media_url":"","_links":{"self":[{"href":"https:\/\/ecrire-coach.biographe-valeriejean.fr\/index.php?rest_route=\/wp\/v2\/posts\/2013","targetHints":{"allow":["GET"]}}],"collection":[{"href":"https:\/\/ecrire-coach.biographe-valeriejean.fr\/index.php?rest_route=\/wp\/v2\/posts"}],"about":[{"href":"https:\/\/ecrire-coach.biographe-valeriejean.fr\/index.php?rest_route=\/wp\/v2\/types\/post"}],"author":[{"embeddable":true,"href":"https:\/\/ecrire-coach.biographe-valeriejean.fr\/index.php?rest_route=\/wp\/v2\/users\/1"}],"replies":[{"embeddable":true,"href":"https:\/\/ecrire-coach.biographe-valeriejean.fr\/index.php?rest_route=%2Fwp%2Fv2%2Fcomments&post=2013"}],"version-history":[{"count":0,"href":"https:\/\/ecrire-coach.biographe-valeriejean.fr\/index.php?rest_route=\/wp\/v2\/posts\/2013\/revisions"}],"wp:featuredmedia":[{"embeddable":true,"href":"https:\/\/ecrire-coach.biographe-valeriejean.fr\/index.php?rest_route=\/"}],"wp:attachment":[{"href":"https:\/\/ecrire-coach.biographe-valeriejean.fr\/index.php?rest_route=%2Fwp%2Fv2%2Fmedia&parent=2013"}],"wp:term":[{"taxonomy":"category","embeddable":true,"href":"https:\/\/ecrire-coach.biographe-valeriejean.fr\/index.php?rest_route=%2Fwp%2Fv2%2Fcategories&post=2013"},{"taxonomy":"post_tag","embeddable":true,"href":"https:\/\/ecrire-coach.biographe-valeriejean.fr\/index.php?rest_route=%2Fwp%2Fv2%2Ftags&post=2013"}],"curies":[{"name":"wp","href":"https:\/\/api.w.org\/{rel}","templated":true}]}}