{"id":2166,"date":"2017-10-18T10:43:11","date_gmt":"2017-10-18T09:43:11","guid":{"rendered":"http:\/\/ecrire-coach.biographe-valeriejean.fr\/?p=2166"},"modified":"2017-10-18T10:43:11","modified_gmt":"2017-10-18T09:43:11","slug":"au-nom-du-pere","status":"publish","type":"post","link":"https:\/\/ecrire-coach.biographe-valeriejean.fr\/?p=2166","title":{"rendered":"Au nom du p\u00e8re"},"content":{"rendered":"<h1>\u00ab\u00a0Au nom du p\u00e8re\u00a0\u00bb un livre r\u00e9alis\u00e9 avec Fran\u00e7ois Jaladeau<\/h1>\n<p><a href=\"http:\/\/ecrire-coach.biographe-valeriejean.fr\/wp-content\/uploads\/2017\/10\/Au-nom-du-pe\u0300re.jpg\"><img loading=\"lazy\" decoding=\"async\" class=\"aligncenter wp-image-2167 size-large\" src=\"http:\/\/ecrire-coach.biographe-valeriejean.fr\/wp-content\/uploads\/2017\/10\/Au-nom-du-pe\u0300re-722x1024.jpg\" alt=\"Biographie valerie Jean\" width=\"474\" height=\"672\" \/><\/a><\/p>\n<p>\u00ab\u00a0En \u00e9crivant ce <a href=\"http:\/\/www.biographe-valeriejean.fr\/recit-vie-pages.html\">r\u00e9cit<\/a>, je ne sais pas o\u00f9 j&rsquo;allais \u00e9chouer, o\u00f9 tout cela me m\u00e8nerait. Parfois, il est des mots, des phrases qui d\u00e9concertent, provoquent le chaos, vont \u00e0 rebours de ce qui gouverne notre existence et qui, par l\u00e0-m\u00eame, invitent \u00e0 soulever le couvercle sous lequel on \u00e9touffe.<\/p>\n<p>Apr\u00e8s le d\u00e9c\u00e8s de mon p\u00e8re, un gouffre s&rsquo;ouvrit sous mes pieds mais paradoxalement cette disparition s&rsquo;ouvrit sur une autre porte: un fr\u00e8re inconnu qui souhaitait reprendre contact.<\/p>\n<p>Ce fut le d\u00e9but d&rsquo;une aventure qui me permit non seulement de retrouver un fr\u00e8re mais mais aussi d&rsquo;entamer une pacification avec mon p\u00e8re&#8230;<\/p>\n<p>Mon p\u00e8re disparu, ce personnage cam\u00e9l\u00e9on allait d\u00e9sormais baisser le masque, lever l\u2019\u00e9nigme. Je craignais n\u00e9anmoins qu\u2019elle me confirm\u00e2t tout ce que je devinais savoir de lui, pour l\u2019avoir \u00e9cout\u00e9, observ\u00e9, sous-pes\u00e9 maintes fois. La r\u00e9alit\u00e9 d\u00e9passe souvent la fiction, ce fut le cas.<\/p>\n<p><!--more--><\/p>\n<p>Mon d\u00e9sir d\u2019\u00e9crire \u00e9tait suffisamment puissant pour me r\u00e9aliser dans cette nouvelle voie, celle de l&rsquo;\u00e9criture de la biographie de mon fr\u00e8re.<\/p>\n<p>Au d\u00e9but, je ne pensais pas m\u2019introduire dans cette <a href=\"http:\/\/www.biographe-valeriejean.fr\/ecrivain-biographe-85.html\">biographie<\/a>, voulant simplement rendre sa place \u00e0 Dany dans notre famille. Mais au fil du temps, mes romans croisaient de plus en plus ma propre route et fatalement, il arriva un moment o\u00f9 la biographie de Dany, celle de notre p\u00e8re commun et la mienne devaient se rejoindre\u2026 Vaste projet que je n\u2019avais pas mesur\u00e9 au d\u00e9part\u00a0!<\/p>\n<p>Au final, ce travail a d\u00e9bouch\u00e9 sur l&rsquo;introspection de mon lien intangible avec mon p\u00e8re et de comprendre ce qu&rsquo;il m&rsquo;a l\u00e9gu\u00e9 malgr\u00e9 lui, de voir mes failles et ma vuln\u00e9rabilit\u00e9.<\/p>\n<p>Le r\u00e9sultat est qu&rsquo;aujourd&rsquo;hui je m&rsquo;appr\u00eate \u00e0 davantage encore radiographier mon existence et y puiser le meilleur de moi-m\u00eame afin d&rsquo;\u00e9viter les pi\u00e8ges de la vie qu&rsquo;ont enferm\u00e9s mon p\u00e8re.<\/p>\n<p><a href=\"https:\/\/www.biographe-valeriejean.fr\/au-nom-du-pere\/\" target=\"_blank\" rel=\"noopener noreferrer\">D&rsquo;autres extraits sur mon site professionnel<\/a><\/p>\n<p>\u00a0<\/p>\n\n\n<figure class=\"wp-block-image size-large\"><img decoding=\"async\" src=\"http:\/\/ecrire-coach.biographe-valeriejean.fr\/wp-content\/uploads\/2013\/06\/common-right.png\" alt=\"\" class=\"wp-image-2232\"\/><figcaption>Ce(tte) \u0153uvre est mise \u00e0 disposition selon les termes de la <a href=\"http:\/\/creativecommons.org\/licenses\/by-nc-nd\/2.0\/fr\/\">Licence Creative Commons Attribution \u2013 Pas d\u2019Utilisation Commerciale \u2013 Pas de Modification 2.0 France<\/a>.<\/figcaption><\/figure>\n","protected":false},"excerpt":{"rendered":"<p>\u00ab\u00a0Au nom du p\u00e8re\u00a0\u00bb un livre r\u00e9alis\u00e9 avec Fran\u00e7ois Jaladeau \u00ab\u00a0En \u00e9crivant ce r\u00e9cit, je ne sais pas o\u00f9 j&rsquo;allais \u00e9chouer, o\u00f9 tout cela me m\u00e8nerait. Parfois, il est des mots, des phrases qui d\u00e9concertent, provoquent le chaos, vont \u00e0 rebours de ce qui gouverne notre existence et qui, par l\u00e0-m\u00eame, invitent \u00e0 soulever le &hellip; <a href=\"https:\/\/ecrire-coach.biographe-valeriejean.fr\/?p=2166\" class=\"more-link\">Continuer la lecture de <span class=\"screen-reader-text\">Au nom du p\u00e8re<\/span>  <span class=\"meta-nav\">&rarr;<\/span><\/a><\/p>\n","protected":false},"author":1,"featured_media":2167,"comment_status":"open","ping_status":"open","sticky":false,"template":"","format":"aside","meta":{"footnotes":""},"categories":[2],"tags":[],"class_list":["post-2166","post","type-post","status-publish","format-aside","has-post-thumbnail","hentry","category-les-biographies-realisees","post_format-post-format-aside"],"aioseo_notices":[],"jetpack_featured_media_url":"","_links":{"self":[{"href":"https:\/\/ecrire-coach.biographe-valeriejean.fr\/index.php?rest_route=\/wp\/v2\/posts\/2166","targetHints":{"allow":["GET"]}}],"collection":[{"href":"https:\/\/ecrire-coach.biographe-valeriejean.fr\/index.php?rest_route=\/wp\/v2\/posts"}],"about":[{"href":"https:\/\/ecrire-coach.biographe-valeriejean.fr\/index.php?rest_route=\/wp\/v2\/types\/post"}],"author":[{"embeddable":true,"href":"https:\/\/ecrire-coach.biographe-valeriejean.fr\/index.php?rest_route=\/wp\/v2\/users\/1"}],"replies":[{"embeddable":true,"href":"https:\/\/ecrire-coach.biographe-valeriejean.fr\/index.php?rest_route=%2Fwp%2Fv2%2Fcomments&post=2166"}],"version-history":[{"count":0,"href":"https:\/\/ecrire-coach.biographe-valeriejean.fr\/index.php?rest_route=\/wp\/v2\/posts\/2166\/revisions"}],"wp:featuredmedia":[{"embeddable":true,"href":"https:\/\/ecrire-coach.biographe-valeriejean.fr\/index.php?rest_route=\/"}],"wp:attachment":[{"href":"https:\/\/ecrire-coach.biographe-valeriejean.fr\/index.php?rest_route=%2Fwp%2Fv2%2Fmedia&parent=2166"}],"wp:term":[{"taxonomy":"category","embeddable":true,"href":"https:\/\/ecrire-coach.biographe-valeriejean.fr\/index.php?rest_route=%2Fwp%2Fv2%2Fcategories&post=2166"},{"taxonomy":"post_tag","embeddable":true,"href":"https:\/\/ecrire-coach.biographe-valeriejean.fr\/index.php?rest_route=%2Fwp%2Fv2%2Ftags&post=2166"}],"curies":[{"name":"wp","href":"https:\/\/api.w.org\/{rel}","templated":true}]}}