{"id":2224,"date":"2018-04-12T14:26:32","date_gmt":"2018-04-12T13:26:32","guid":{"rendered":"http:\/\/ecrire-coach.biographe-valeriejean.fr\/?p=2224"},"modified":"2018-04-12T14:26:32","modified_gmt":"2018-04-12T13:26:32","slug":"petit-ecoute-la-nature","status":"publish","type":"post","link":"https:\/\/ecrire-coach.biographe-valeriejean.fr\/?p=2224","title":{"rendered":"Petit \u00e9coute la nature-Une biographie de Valerie jean"},"content":{"rendered":"<h1>\u00ab\u00a0Petit ecoute la nature\u00a0\u00bb une biographie par Valerie Jean Biographe avec Jean et Yannick<\/h1>\n<p><a href=\"http:\/\/ecrire-coach.biographe-valeriejean.fr\/wp-content\/uploads\/2018\/04\/Petit-e\u0301coute-la-nature.png\"><img loading=\"lazy\" decoding=\"async\" class=\"aligncenter wp-image-2225 size-full\" src=\"http:\/\/ecrire-coach.biographe-valeriejean.fr\/wp-content\/uploads\/2018\/04\/Petit-e\u0301coute-la-nature.png\" alt=\"valeriejean Biographe\" width=\"566\" height=\"800\" \/><\/a>Un t\u00e9moignage d&rsquo;amour d&rsquo;un fils \u00e0 sa m\u00e8re disparue trop vite, sans crier gare, et d&rsquo;un petit fils \u00e0 son grand-p\u00e8re, un homme qui nous raconte les anecdotes de sa jeunesse, en Alg\u00e9rie.<\/p>\n<h4>L&rsquo;Alg\u00e9rie<\/h4>\n<p><a href=\"http:\/\/ecrire-coach.biographe-valeriejean.fr\/wp-content\/uploads\/2018\/04\/Te\u0301ne\u0300s.jpg\"><img loading=\"lazy\" decoding=\"async\" class=\"aligncenter wp-image-2227 size-full\" src=\"http:\/\/ecrire-coach.biographe-valeriejean.fr\/wp-content\/uploads\/2018\/04\/Te\u0301ne\u0300s.jpg\" alt=\"biographie valerie jean-Petit-ecoute-la-nature\" width=\"1200\" height=\"900\" \/><\/a><\/p>\n<p><em>\u00c0 partir de 1958, les \u00e9v\u00e8nements d&rsquo;Alg\u00e9rie s\u2019\u00e9taient pr\u00e9cipit\u00e9s, faisant de T\u00e9n\u00e8s, une zone dangereuse. Nous n&rsquo;avons donc pas profit\u00e9 de ce petit paradis comme nous l&rsquo;aurions voulu.<\/em><\/p>\n<p><em>Le 1er janvier 1960, Marthe et les enfants me rejoignirent l\u00e0-bas avec notre chien.<\/em><\/p>\n<p><em>Tr\u00e8s vite, il fut charg\u00e9 de surveiller les enfants quand ils allaient \u00e0 l&rsquo;\u00e9cole. Jeanine et Bernard \u00e9taient alors \u00e0 l&rsquo;\u00e9cole primaire. Si les enfants tra\u00eenaient trop en route, il les poussait du museau en direction de la maison pour qu&rsquo;ils ne s&rsquo;attardent pas !<\/em><\/p>\n<p><em>Ce chien nous rendit de grands services. \u00a0Il \u00e9tait capable d&rsquo;aller seul chercher le pain ! Je l&rsquo;envoyais chez le boulanger \u00e0 7 heures avec la commande et le cabas&#8230;et il revenait avec le tout. Il \u00e9tait tr\u00e8s ob\u00e9issant et laissait les autres clients passer devant lui avant de se pr\u00e9senter \u00e0 son tour aupr\u00e8s du boulanger !<\/em><\/p>\n<p><em>Un jour, nous avions des invit\u00e9s pour d\u00eener et je l&rsquo;ai envoy\u00e9 chercher plus de pain \u00e0 une heure qui ne correspondait pas \u00e0 son habitude&#8230; Il n&rsquo;a rien rapport\u00e9 ! Il a fallu que je retourne chez le boulanger ! <\/em><\/p>\n<p><!--more--><\/p>\n<p><em>Dans les anciens b\u00e2timents de la gare stationnaient une compagnie de gardes mobiles. L&rsquo;ensemble \u00e9tait entour\u00e9 de barbel\u00e9s. Les enfants, devaient \u00eatre toujours accompagn\u00e9s dans leurs d\u00e9placements y compris pour se rendre \u00e0 l&rsquo;\u00e9cole. Je pense qu&rsquo;ils furent tr\u00e8s impressionn\u00e9s par ces trajets qu\u2019ils effectuaient dans des camions militaires ou des chars, o\u00f9 ils \u00e9taient plong\u00e9s dans le noir&#8230;D\u2019ailleurs Jeanine fera des cauchemars bien longtemps apr\u00e8s ces \u00e9v\u00e8nements.<\/em><\/p>\n<p><em>Un jour, les enfants ne rentr\u00e8rent pas tout de suite \u00e0 la maison, d\u00e9cidant de s&rsquo;arr\u00eater chez un copain, sans nous pr\u00e9venir. On s&rsquo;inqui\u00e9tait, terrifi\u00e9s car la situation se d\u00e9gradant, un petit avait \u00e9t\u00e9 enlev\u00e9 peu de temps avant. Dieu merci, ils rentr\u00e8rent sans dommage.<\/em><\/p>\n<p>Cette p\u00e9riode malgr\u00e9 un quotidien terrifiant laissa aux enfants un heureux souvenir gr\u00e2ce \u00e0 ce chien exceptionnel qui resta durablement dans leur c\u0153ur. D\u2019ailleurs, quand elle fut adulte, Jeanine choisit ZAKAR comme mot de passe de son ordinateur&#8230;<\/p>\n<p>Bien des ann\u00e9es plus tard, un de ses amis, en poste en Kabylie comme professeur de facult\u00e9, proposa \u00e0 Jeannine de venir pour un s\u00e9jour en Alg\u00e9rie pour revoir Ten\u00e8s. Elle d\u00e9clina l&rsquo;offre selon Marthe qui me confie la parole de Jeanine: <em>\u00a0\u00bb Pour moi Tenes est un beau souvenir, je veux le garder comme je l&rsquo;ai v\u00e9cu&#8230;J&rsquo;aurais peur de l&rsquo;ab\u00eemer si son image avait trop chang\u00e9.\u00a0\u00bb <\/em><\/p>\n<p><em>Jeanine faisait r\u00e9guli\u00e8rement des cauchemars, sans doute, les traces des \u00e9v\u00e8nements v\u00e9cus en Alg\u00e9rie durant son enfance. Elle avait une haine visc\u00e9rale des armes. Elle avait vu son p\u00e8re dans l&rsquo;obligation d&rsquo;en porter quand il avait \u00e9t\u00e9 contraint de d\u00e9fendre sa<\/em> <em>famille.<\/em><\/p>\n<p>Pendant les alertes la famille allait s&rsquo;abriter dans un entresol sans fen\u00eatre o\u00f9, terroris\u00e9s, Jeannine et Bernard \u00e9coutaient les balles siffler. De ces moments tragiques, elle a gard\u00e9 une grande claustrophobie et un sommeil parfois chahut\u00e9 de mauvais r\u00eaves.<\/p>\n<p>Mais tout n&rsquo;a pas \u00e9t\u00e9 dramatique en Alg\u00e9rie et Jeanine a gard\u00e9 un esprit de libert\u00e9 face aux grands espaces qu&rsquo;elle parcourait avec son p\u00e8re et son grand-p\u00e8re dans les hauteurs de Oms.<\/p>\n<p><em>Au coeur de la montagne, nous partions en pique-nique o\u00f9 grand-p\u00e8re faisait des grillades cuites aux sarments de vigne dans les lieux autoris\u00e9s : et oui, ce fut le comble qu&rsquo;un ancien employ\u00e9 des eaux et for\u00eats d\u00e9roge \u00e0 la r\u00e8gle ! <\/em>Elle re\u00e7ut de son p\u00e8re cet amour des grandes balades dans la nature qu&rsquo;elle garda toute sa vie.<\/p>\n<h4>Epilogue<\/h4>\n<p><em>\u00ab\u00a0Elle \u00e9tait tr\u00e8s douce, tr\u00e8s calme. Quand elle \u00e9tait petite, elle supportait tout et ne se plaignait pas et ne se rebellait jamais.\u00a0\u00bb <\/em>Voil\u00e0 ce que Marthe, sa maman me dit de Jeanine en conclusion de notre entretien.Tandis que Yannick ajoute: <em>\u00ab\u00a0Elle avait le talent de voir la vraie nature des personnes et l&rsquo;art de s&rsquo;entendre avec tout le monde, portant une attention particuli\u00e8re \u00e0 chacun.\u00a0\u00bb<\/em><\/p>\n<p><em>N&rsquo;est-ce-pas l\u00e0, le concept d&rsquo;amour universel ? S&rsquo;oublier par amour au profit de l&rsquo;autre&#8230;<\/em><\/p>\n<p><em>Puisse ce modeste t\u00e9moignage de la vie de Jeanine inspirer encore beaucoup d&rsquo;amour et de compassion qu&rsquo;elle m\u00eame mit au service des autres durant son passage, trop court, telle une \u00e9toile filante.<\/em><\/p>\n<p><em>Elle \u00e9clairera nos vies encore longtemps comme cette rose qui fleurit \u00e0 chaque printemps.<\/em><\/p>\n<p><a href=\"http:\/\/ecrire-coach.biographe-valeriejean.fr\/wp-content\/uploads\/2018\/04\/Chouette-valeriejeanbiographe.jpg\"><img loading=\"lazy\" decoding=\"async\" class=\"aligncenter size-medium wp-image-2226\" src=\"http:\/\/ecrire-coach.biographe-valeriejean.fr\/wp-content\/uploads\/2018\/04\/Chouette-valeriejeanbiographe-300x180.jpg\" alt=\"valeriejean-biographe\" width=\"300\" height=\"180\" \/><\/a><\/p>\n<h5><em>\u00a0fin des extraits choisis<br \/>\n<\/em><\/h5>\n<p><a href=\"https:\/\/www.biographe-valeriejean.fr\/petit-ecoute-la-nature\/\" target=\"_blank\" rel=\"noopener noreferrer\">D&rsquo;autres extraits sur mon site professionnel<\/a><\/p>\n<p><em>\u00a0Pour des raisons de confidentialit\u00e9, peu de texte est laiss\u00e9 en lecture publique<\/em><\/p>\n<p><a href=\"http:\/\/ecrire-coach.biographe-valeriejean.fr\/wp-content\/uploads\/2015\/11\/88x31.png\"><img loading=\"lazy\" decoding=\"async\" class=\"size-full wp-image-1928 alignleft\" src=\"http:\/\/ecrire-coach.biographe-valeriejean.fr\/wp-content\/uploads\/2015\/11\/88x31.png\" alt=\"creative commons\" width=\"88\" height=\"31\" \/><\/a>Ce(tte) \u0153uvre est mise \u00e0 disposition selon les termes de la <a href=\"http:\/\/creativecommons.org\/licenses\/by-nc-nd\/2.0\/fr\/\" rel=\"license\">Licence Creative Commons Attribution \u2013 Pas d\u2019Utilisation Commerciale \u2013 Pas de Modification 2.0 France<\/a>.<\/p>\n","protected":false},"excerpt":{"rendered":"<p>\u00ab\u00a0Petit ecoute la nature\u00a0\u00bb une biographie par Valerie Jean Biographe avec Jean et Yannick Un t\u00e9moignage d&rsquo;amour d&rsquo;un fils \u00e0 sa m\u00e8re disparue trop vite, sans crier gare, et d&rsquo;un petit fils \u00e0 son grand-p\u00e8re, un homme qui nous raconte les anecdotes de sa jeunesse, en Alg\u00e9rie. L&rsquo;Alg\u00e9rie \u00c0 partir de 1958, les \u00e9v\u00e8nements d&rsquo;Alg\u00e9rie &hellip; <a href=\"https:\/\/ecrire-coach.biographe-valeriejean.fr\/?p=2224\" class=\"more-link\">Continuer la lecture de <span class=\"screen-reader-text\">Petit \u00e9coute la nature-Une biographie de Valerie jean<\/span>  <span class=\"meta-nav\">&rarr;<\/span><\/a><\/p>\n","protected":false},"author":1,"featured_media":2225,"comment_status":"open","ping_status":"open","sticky":false,"template":"","format":"aside","meta":{"footnotes":""},"categories":[2],"tags":[],"class_list":["post-2224","post","type-post","status-publish","format-aside","has-post-thumbnail","hentry","category-les-biographies-realisees","post_format-post-format-aside"],"aioseo_notices":[],"jetpack_featured_media_url":"","_links":{"self":[{"href":"https:\/\/ecrire-coach.biographe-valeriejean.fr\/index.php?rest_route=\/wp\/v2\/posts\/2224","targetHints":{"allow":["GET"]}}],"collection":[{"href":"https:\/\/ecrire-coach.biographe-valeriejean.fr\/index.php?rest_route=\/wp\/v2\/posts"}],"about":[{"href":"https:\/\/ecrire-coach.biographe-valeriejean.fr\/index.php?rest_route=\/wp\/v2\/types\/post"}],"author":[{"embeddable":true,"href":"https:\/\/ecrire-coach.biographe-valeriejean.fr\/index.php?rest_route=\/wp\/v2\/users\/1"}],"replies":[{"embeddable":true,"href":"https:\/\/ecrire-coach.biographe-valeriejean.fr\/index.php?rest_route=%2Fwp%2Fv2%2Fcomments&post=2224"}],"version-history":[{"count":0,"href":"https:\/\/ecrire-coach.biographe-valeriejean.fr\/index.php?rest_route=\/wp\/v2\/posts\/2224\/revisions"}],"wp:featuredmedia":[{"embeddable":true,"href":"https:\/\/ecrire-coach.biographe-valeriejean.fr\/index.php?rest_route=\/"}],"wp:attachment":[{"href":"https:\/\/ecrire-coach.biographe-valeriejean.fr\/index.php?rest_route=%2Fwp%2Fv2%2Fmedia&parent=2224"}],"wp:term":[{"taxonomy":"category","embeddable":true,"href":"https:\/\/ecrire-coach.biographe-valeriejean.fr\/index.php?rest_route=%2Fwp%2Fv2%2Fcategories&post=2224"},{"taxonomy":"post_tag","embeddable":true,"href":"https:\/\/ecrire-coach.biographe-valeriejean.fr\/index.php?rest_route=%2Fwp%2Fv2%2Ftags&post=2224"}],"curies":[{"name":"wp","href":"https:\/\/api.w.org\/{rel}","templated":true}]}}