{"id":2280,"date":"2019-04-22T08:26:20","date_gmt":"2019-04-22T07:26:20","guid":{"rendered":"http:\/\/ecrire-coach.biographe-valeriejean.fr\/?p=2280"},"modified":"2019-04-22T08:26:20","modified_gmt":"2019-04-22T07:26:20","slug":"je-te-hais-et-je-taime","status":"publish","type":"post","link":"https:\/\/ecrire-coach.biographe-valeriejean.fr\/?p=2280","title":{"rendered":"Je te hais et je t&rsquo;aime"},"content":{"rendered":"<p><strong><a href=\"https:\/\/www.biographe-valeriejean.fr\/je-te-hais-je-taime\/\" target=\"_blank\" rel=\"noopener noreferrer\">https:\/\/www.biographe-valeriejean.fr\/je-te-hais-je-taime\/<\/a>Le r\u00e9cit de vie \u00ab\u00a0Je te hais et je t&rsquo;aime\u00a0\u00bb avec Francis<\/strong><br \/>\n<a href=\"http:\/\/ecrire-coach.biographe-valeriejean.fr\/wp-content\/uploads\/2019\/04\/Je-te-hais-et-je-taime.jpg\"><img loading=\"lazy\" decoding=\"async\" class=\"wp-image-2281 size-full aligncenter\" src=\"http:\/\/ecrire-coach.biographe-valeriejean.fr\/wp-content\/uploads\/2019\/04\/Je-te-hais-et-je-taime.jpg\" alt=\"Je te hais et je t'aime\" width=\"1754\" height=\"2480\" \/><\/a>Un r\u00e9cit autobiographique de Francis\u00a0 avec qui j&rsquo;ai eu le plaisir de collaborer pour \u00e9diter son livre.<\/p>\n<h4>EXTRAIT DU LIVRE<\/h4>\n<p>PR\u00c9AMBULE<\/p>\n<p><em>Il me faut parler, me vider de ce qui m&rsquo;oppresse, me vide. Poser des mots sur ce malaise, comprendre ce qui m&rsquo;afflige, et l&rsquo;\u00e9loigner pour que je puisse vivre libre, sans douleur, sans souffrance, pour ma famille. <\/em><\/p>\n<p><em> Sans crier gare, un burn-out m&rsquo;a terrass\u00e9 et depuis je remplis le vide qui a envahi mon coeur. <\/em><\/p>\n<p><em>Ce livre est la trace de ce cheminement. <\/em><\/p>\n<p><em>Merci \u00e0 mes amours de m&rsquo;avoir permis, gr\u00e2ce \u00e0 leur soutien ind\u00e9fectible, d&rsquo;\u00e9crire ces lignes.<\/em><\/p>\n<h5>FACE \u00c0 SOI M\u00caME<\/h5>\n<p>Sortir de la d\u00e9pression\u2026 Aujourd&rsquo;hui, des personnes gu\u00e9rissent-elles totalement de cette terrible maladie, ce fl\u00e9au\u00a0?<\/p>\n<p>Il para\u00eet que le <em>bur-nout<\/em> et la d\u00e9pression touchent un grand nombre de gens. Ce serait principalement d\u00fb \u00e0 l&rsquo;acc\u00e9l\u00e9ration de notre mode de vie o\u00f9 tout va toujours plus vite, et \u00e0 la pression qu&rsquo;exerce au quotidien, le stress li\u00e9 \u00e0 nos conditions de travail\u2026Je vais m&rsquo;aider de ce qui a \u00e9t\u00e9 \u00e9crit \u00e0 ce sujet pour mieux \u00e9clairer mon propos.<\/p>\n<p>Le <em>burn-out<\/em> (ou \u00e9puisement professionnel) est n\u00e9cessairement li\u00e9 au travail. Dans la d\u00e9pression, le travail n\u2019est pas la cause premi\u00e8re, mais peut \u00eatre un facteur aggravant. De plus, en cas de <em>burn-out<\/em>, la personne atteinte est toujours en situation de stress chronique, tandis que c\u2019est le cas 1\u00a0fois sur\u00a0 2 pour la d\u00e9pression.<\/p>\n<p><!--more--><\/p>\n<h5>Les vieux d\u00e9mons se r\u00e9veillent<\/h5>\n<p>Aujourd\u2019hui, j&rsquo;ai 53 ans. Les d\u00e9boires du d\u00e9but de ma vie m\u2019ont rattrap\u00e9 30 ans apr\u00e8s. Est-ce mon destin ? Dois-je faire ou ne pas faire ce qui est \u00e9crit\u00a0?<\/p>\n<p>Mes vieux d\u00e9mons \u00e9taient bien cach\u00e9s en moi. Ils n\u2019attendaient plus que le d\u00e9tonateur pour allumer la m\u00e8che.<\/p>\n<p>Retour sur ma descente aux enfers.<\/p>\n<p>Le 22 octobre 2015 \u00e0 16 h, en voiture, rentrant du travail, \u00e0 quelques kilom\u00e8tres de mon domicile, apr\u00e8s une r\u00e9union avec mon sup\u00e9rieur hi\u00e9rarchique, la pens\u00e9e de jeter mon v\u00e9hicule contre un arbre me traversa. Sans doute un trop plein de stress m&rsquo;avait envahi au point de vouloir en finir avec la vie&#8230;<\/p>\n<p>Apr\u00e8s cela, j\u2019ai paniqu\u00e9 car ce genre de comportement ne me ressemblait pas du tout et pour moi se suicider \u00e9tait une l\u00e2chet\u00e9. Mais voil\u00e0 c\u2019est arriv\u00e9, alors que jusque l\u00e0, le stress faisait partie de mon quotidien professionnel, mais le bon stress, celui qui dynamise.<\/p>\n<p>Aujourd\u2019hui ces nouvelles angoisses appartiennent au jeune homme que je fus mais que je n&rsquo;\u00e9tais plus&#8230; Sans doute la surcharge de travail d&rsquo;autant que je n&rsquo;\u00e9tais plus du tout en phase avec mon sup\u00e9rieur hi\u00e9rarchique. Je ne pouvais pas m&rsquo;expliquer avec lui, mais simplement le subir&#8230; Sans que je comprenne pourquoi si ce n&rsquo;est son regard qui me rappelait un regard de haine, le regard d\u2019une personne qui voulait mettre fin \u00e0 mes jours, un regard qui me faisait comprendre qu\u2019il n\u2019y avait pas de retour possible. Voil\u00e0 comment je me suis retrouv\u00e9 de l\u2019autre c\u00f4t\u00e9 de la barri\u00e8re, le plus simplement du monde.<\/p>\n<p>C\u2019est \u00e0 ce moment-l\u00e0 que la descente aux enfers a commenc\u00e9. Je n\u2019ai rien vu venir, c\u2019est une autre personne qui avait pris le contr\u00f4le de mon moi, de ma vie. Forc\u00e9ment, il y avait contradiction.<\/p>\n<p>Horrifi\u00e9, j\u2019en parlai le soir m\u00eame \u00e0 ma femme. Elle a tout de suite compris. Elle avait d\u00e9j\u00e0 remarqu\u00e9 que depuis quelque temps une nervosit\u00e9 anormale m&rsquo;animait, m&rsquo;avouant qu\u2019elle \u00e9tait d\u00e9munie, impuissante face \u00e0 ce qui m&rsquo;arrivait, ne sachant que faire. Me connaissant, elle savait que je pouvais \u00eatre capable de tout. Je n&rsquo;\u00e9tais plus l&rsquo;acteur de ma vie, une doublure m&rsquo;avait pris ma vie.<\/p>\n<p>Je ne me comprenais pas, j\u2019\u00e9tais \u00e9pouvant\u00e9.<\/p>\n<p>Ensuite, cela a rapidement d\u00e9g\u00e9n\u00e9r\u00e9, je me suis retrouv\u00e9 tr\u00e8s vite hospitalis\u00e9, On me diagnostiqua une d\u00e9pression professionnelle s\u00e9v\u00e8re, le fameux <em>burn-out<\/em>.<\/p>\n<p>Depuis le d\u00e9but des ann\u00e9es\u00a01990, la fr\u00e9quence des probl\u00e8mes de sant\u00e9 psychologique au travail augmente de fa\u00e7on alarmante. Cela inclut l\u2019\u00e9puisement professionnel, la d\u00e9pression, le stress post-traumatique, les troubles anxieux, etc.<\/p>\n<p>Le stress chronique sur la sant\u00e9 mentale des travailleurs se manifestent surtout dans les pays industrialis\u00e9s. Ce ph\u00e9nom\u00e8ne r\u00e9sulterait en bonne partie des transformations rapides op\u00e9r\u00e9es dans le monde du travail\u00a0: globalisation des march\u00e9s, comp\u00e9titivit\u00e9, d\u00e9veloppement des technologies de l\u2019information, pr\u00e9carit\u00e9 d\u2019emploi&#8230;<\/p>\n<p>Du point de vue biologique, on ne sait pas ce qui m\u00e8ne \u00e0 l\u2019\u00e9puisement professionnel. Tous les travailleurs qui traversent une p\u00e9riode d\u2019\u00e9puisement sont en situation de stress chronique. Il s\u2019agit donc d\u2019un important facteur de vuln\u00e9rabilit\u00e9. La grande majorit\u00e9 a une charge de travail \u00e9lev\u00e9e, \u00e0 laquelle s\u2019ajoutent l\u2019une ou l\u2019autre des sources de tension suivantes.<\/p>\n<ul>\n<li>Manque d\u2019autonomie\u00a0: ne participer \u00e0 aucune ou \u00e0 peu de d\u00e9cisions li\u00e9es \u00e0 sa t\u00e2che.<\/li>\n<li>D\u00e9s\u00e9quilibre entre les efforts fournis et la reconnaissance obtenue de la part de l\u2019employeur ou du sup\u00e9rieur imm\u00e9diat (salaire, estime, respect etc&#8230;).<\/li>\n<li>Faible soutien social: de la part du sup\u00e9rieur ou des coll\u00e8gues.<\/li>\n<li>Communication insuffisante\u00a0: de la direction aux employ\u00e9s, concernant la vision et l\u2019organisation de l\u2019entreprise.<\/li>\n<\/ul>\n<p>En plus de ces facteurs, des particularit\u00e9s individuelles entrent en jeu. Par exemple, on ne sait pas tr\u00e8s bien pourquoi des personnes vivent plus de stress que d\u2019autres. De plus, certaines attitudes, comme une trop grande importance accord\u00e9e au travail ou trop de perfectionnisme, sont plus fr\u00e9quentes chez les individus qui vivent l\u2019\u00e9puisement professionnel.<\/p>\n<p>Selon les recherches, il semble que la faible estime de soi soit un facteur d\u00e9terminant. En outre, certains contextes de vie, comme de lourdes responsabilit\u00e9s familiales ou encore la solitude, peuvent mettre en p\u00e9ril la conciliation travail-vie personnelle.<\/p>\n<p>Peu importe les sources de stress au travail, il se produit alors un d\u00e9s\u00e9quilibre entre la pression subie et les ressources (int\u00e9rieures et ext\u00e9rieures, per\u00e7ues ou r\u00e9elles) dont dispose l&rsquo;individu pour l\u2019affronter.<\/p>\n<p>Voil\u00e0 quelques explications sommaires pour pr\u00e9ciser ce que peut \u00eatre un burn-out qui m\u00e8ne \u00e0 une d\u00e9pression.<\/p>\n<p>Cette trag\u00e9die, \u00e9volue lentement, jour apr\u00e8s jour, ann\u00e9e apr\u00e8s ann\u00e9e s&rsquo;\u00e9talant souvent sur une vie enti\u00e8re car en ce qui concerne cette maladie, il n\u2019y a pas de r\u00e9pit. Vous ne le savez pas encore que, d\u00e9j\u00e0, elle tisse lentement sa toile pour, des ann\u00e9es plus tard, vous pi\u00e9ger de fa\u00e7on d\u00e9vastatrice.<\/p>\n<h5>Aujourd&rsquo;hui l&rsquo;apaisement<\/h5>\n<p>Je veux paisiblement voir vieillir ma femme et \u00eatre aupr\u00e8s d\u2019elle, \u00eatre ensemble, unis jusqu\u2019\u00e0 notre dernier souffle, c\u2019est mon v\u0153u le plus cher. Le meilleur est devant nous.<\/p>\n<p>Dans tous les cas, je suis content de moi, j\u2019ai r\u00e9ussi \u00e0 \u00e9crire cette biographie, non pas que je m&rsquo;en pensais incapable, non, mais je ne savais pas si je pourrais aller au bout de cette d\u00e9marche&#8230; revivre des doutes, des angoisses, des blessures avec au bout des larmes.<\/p>\n<p>Je l&rsquo;ai fait pour enfin me retrouver, nous retrouver.<\/p>\n<p><a href=\"https:\/\/www.biographe-valeriejean.fr\/je-te-hais-je-taime\/\" target=\"_blank\" rel=\"noopener noreferrer\">D&rsquo;autres extraits sur mon site professionnel<\/a><\/p>\n<p><a href=\"http:\/\/ecrire-coach.biographe-valeriejean.fr\/wp-content\/uploads\/2013\/06\/common-right.png\"><img loading=\"lazy\" decoding=\"async\" class=\"size-full wp-image-2232 alignleft\" src=\"http:\/\/ecrire-coach.biographe-valeriejean.fr\/wp-content\/uploads\/2013\/06\/common-right.png\" alt=\"common right\" width=\"88\" height=\"31\" \/><\/a>Ce(tte) \u0153uvre est mise \u00e0 disposition selon les termes de la <a href=\"http:\/\/creativecommons.org\/licenses\/by-nc-nd\/2.0\/fr\/\" rel=\"license\">Licence Creative Commons Attribution \u2013 Pas d\u2019Utilisation Commerciale \u2013 Pas de Modification 2.0 France<\/a>.<\/p>\n","protected":false},"excerpt":{"rendered":"<p>https:\/\/www.biographe-valeriejean.fr\/je-te-hais-je-taime\/Le r\u00e9cit de vie \u00ab\u00a0Je te hais et je t&rsquo;aime\u00a0\u00bb avec Francis Un r\u00e9cit autobiographique de Francis\u00a0 avec qui j&rsquo;ai eu le plaisir de collaborer pour \u00e9diter son livre. EXTRAIT DU LIVRE PR\u00c9AMBULE Il me faut parler, me vider de ce qui m&rsquo;oppresse, me vide. Poser des mots sur ce malaise, comprendre ce qui m&rsquo;afflige, &hellip; <a href=\"https:\/\/ecrire-coach.biographe-valeriejean.fr\/?p=2280\" class=\"more-link\">Continuer la lecture de <span class=\"screen-reader-text\">Je te hais et je t&rsquo;aime<\/span>  <span class=\"meta-nav\">&rarr;<\/span><\/a><\/p>\n","protected":false},"author":1,"featured_media":2281,"comment_status":"open","ping_status":"open","sticky":false,"template":"","format":"aside","meta":{"footnotes":""},"categories":[2],"tags":[],"class_list":["post-2280","post","type-post","status-publish","format-aside","has-post-thumbnail","hentry","category-les-biographies-realisees","post_format-post-format-aside"],"aioseo_notices":[],"jetpack_featured_media_url":"","_links":{"self":[{"href":"https:\/\/ecrire-coach.biographe-valeriejean.fr\/index.php?rest_route=\/wp\/v2\/posts\/2280","targetHints":{"allow":["GET"]}}],"collection":[{"href":"https:\/\/ecrire-coach.biographe-valeriejean.fr\/index.php?rest_route=\/wp\/v2\/posts"}],"about":[{"href":"https:\/\/ecrire-coach.biographe-valeriejean.fr\/index.php?rest_route=\/wp\/v2\/types\/post"}],"author":[{"embeddable":true,"href":"https:\/\/ecrire-coach.biographe-valeriejean.fr\/index.php?rest_route=\/wp\/v2\/users\/1"}],"replies":[{"embeddable":true,"href":"https:\/\/ecrire-coach.biographe-valeriejean.fr\/index.php?rest_route=%2Fwp%2Fv2%2Fcomments&post=2280"}],"version-history":[{"count":0,"href":"https:\/\/ecrire-coach.biographe-valeriejean.fr\/index.php?rest_route=\/wp\/v2\/posts\/2280\/revisions"}],"wp:featuredmedia":[{"embeddable":true,"href":"https:\/\/ecrire-coach.biographe-valeriejean.fr\/index.php?rest_route=\/"}],"wp:attachment":[{"href":"https:\/\/ecrire-coach.biographe-valeriejean.fr\/index.php?rest_route=%2Fwp%2Fv2%2Fmedia&parent=2280"}],"wp:term":[{"taxonomy":"category","embeddable":true,"href":"https:\/\/ecrire-coach.biographe-valeriejean.fr\/index.php?rest_route=%2Fwp%2Fv2%2Fcategories&post=2280"},{"taxonomy":"post_tag","embeddable":true,"href":"https:\/\/ecrire-coach.biographe-valeriejean.fr\/index.php?rest_route=%2Fwp%2Fv2%2Ftags&post=2280"}],"curies":[{"name":"wp","href":"https:\/\/api.w.org\/{rel}","templated":true}]}}