{"id":2288,"date":"2019-04-22T09:00:21","date_gmt":"2019-04-22T08:00:21","guid":{"rendered":"http:\/\/ecrire-coach.biographe-valeriejean.fr\/?p=2288"},"modified":"2019-04-22T09:00:21","modified_gmt":"2019-04-22T08:00:21","slug":"fils-de-chahid","status":"publish","type":"post","link":"https:\/\/ecrire-coach.biographe-valeriejean.fr\/?p=2288","title":{"rendered":"Fils de Chahid"},"content":{"rendered":"<h1>Le livre \u00ab\u00a0Fils de Chahid\u00a0\u00bb avec Mokhtar Ouzebiha<\/h1>\n<p><a href=\"http:\/\/ecrire-coach.biographe-valeriejean.fr\/wp-content\/uploads\/2019\/04\/Fils-de-chahid-15x24.jpg\"><img loading=\"lazy\" decoding=\"async\" class=\"alignright wp-image-2289 size-full\" src=\"http:\/\/ecrire-coach.biographe-valeriejean.fr\/wp-content\/uploads\/2019\/04\/Fils-de-chahid-15x24.jpg\" alt=\"Fils de chahid 15x24\" width=\"446\" height=\"713\"><\/a><\/p>\n<p>Accompagnement pour l&rsquo;\u00e9dition du livre&nbsp; de 250 pages : correction, chapitrage par titre, \u00e9quilibre structure du r\u00e9cit,&nbsp; travaux scan photo et PAO pour couverture, \u00e9criture quatri\u00e8me de couverture.<\/p>\n<h3>EXTRAITS du livre \u00ab\u00a0fils de Chahid\u00a0\u00bb<\/h3>\n<h5>R\u00e9habiliter la m\u00e9moire des martyrs oubli\u00e9s de la guerre d&rsquo;Ind\u00e9pendance de l&rsquo;Alg\u00e9rie<\/h5>\n<p>Notamment celle de mes deux oncles aujourd&rsquo;hui totalement&nbsp; effac\u00e9s de la m\u00e9moire collective,et dont le sacrifice de leur vie est ignor\u00e9.<\/p>\n<p>De 2012 \u00e0 2017, j\u2019ai pass\u00e9 mon temps \u00e0 d\u00e9poser de la paperasse dans tous les bureaux, sans compter les personnes que j\u2019ai d\u00e9rang\u00e9es pour m\u2019apporter leurs t\u00e9moignages. Tout \u00e7a pour un r\u00e9sultat nul. Comme je l\u2019ai d\u00e9j\u00e0 dit l\u2019administration alg\u00e9rienne, elle fait et d\u00e9fait sans se demander ce que pense le citoyen. On est vraiment trait\u00e9 comme des sous-citoyens.<\/p>\n<p>Pendant que je courais entre l\u2019APC, l\u2019ONM, la Kasma, le tribunal, la gendarmerie et la direction des Moudjahidine pour r\u00e9tablir la v\u00e9rit\u00e9, c\u2019est-\u00e0-dire les droits de mes deux oncles qui auraient d\u00fb \u00eatre acquis d\u2019avance, l\u2019APC a remplac\u00e9 la plaque \u00e0 l\u2019entr\u00e9e de l\u2019\u00e9cole&#8230;<\/p>\n<p><!--more--><\/p>\n<p>Avant c\u2019\u00e9tait l\u2019\u00e9cole DES FR\u00c8RES OUZEBIHA c\u2019est devenu \u00e9cole du CHAHID OUZEBIHA M\u2019hamed&#8230;C\u2019est comme si mes deux oncles, son fr\u00e8re et son cousin sont ressuscit\u00e9s, ils ne sont plus martyrs\u2009!<\/p>\n<p>Cela pr\u00eaterait \u00e0 rire si ce n\u2019\u00e9tait pas une affaire s\u00e9rieuse. Si l\u2019administration alg\u00e9rienne et ces Messieurs qui s\u2019occupaient des affaires de ses martyrs, en l\u2019occurrence si l\u2019ONM et la Kasma tenaient compte des soucis des familles des martyrs&#8230; Car avant de remplacer l\u2019\u00e9criteau, on doit avertir la famille de ses chahid (martyrs) pour leur expliquer la raison du changement. Mais rien\u2009! Je dirais m\u00eame mieux, si quelqu\u2019un demande pourquoi ils font cela, ils d\u00e9daigneront la question.<\/p>\n<p>Voil\u00e0 pour l\u2019\u00e9cole des fr\u00e8res Ouzebiha qui est devenue \u00e9cole du chahid Ouzebiha M\u2019hamed.<\/p>\n<p><a href=\"http:\/\/ecrire-coach.biographe-valeriejean.fr\/wp-content\/uploads\/2019\/04\/12-E\u0301cole-chahid-Ouzebiha-MHemed.jpg\"><img loading=\"lazy\" decoding=\"async\" class=\"aligncenter wp-image-2290 size-full\" src=\"http:\/\/ecrire-coach.biographe-valeriejean.fr\/wp-content\/uploads\/2019\/04\/12-E\u0301cole-chahid-Ouzebiha-MHemed.jpg\" alt=\"12-E\u0301cole chahid Ouzebiha M'Hemed\" width=\"990\" height=\"558\"><\/a><\/p>\n<p>En ce qui concerne les deux dossiers pour lesquels j\u2019ai couru pendant cinq ans, rien n\u2019a abouti. En Alg\u00e9rie c\u2019est la loi de l\u2019anarchie qui est reine, je suis d\u00e9sol\u00e9 de le dire. Le dossier de mon oncle Ouzebiha Khelaf est toujours en attente \u00e0 l\u2019ONM, sans savoir si un jour il sera envoy\u00e9 au Minist\u00e8re des Moudjahidine. Mais plus probablement, il ne bougera jamais de l\u00e0. Car maintenant je sais que le responsable de ce bureau Monsieur Ikhlef&nbsp;Mustapha, ne fait pas son travail comme il devrait le faire. Ou plut\u00f4t il fait ce qu\u2019on lui dit de faire et c\u2019est tout. \u00c0 mon avis, il ne sait m\u00eame pas ce qui se passe en dehors de son bureau. Il se contente des nouvelles qu\u2019on lui donne un point c\u2019est tout.<\/p>\n<p>Tout le monde sait que le ministre des Moudjahidine avait d\u00e9cid\u00e9 de clore d\u00e9finitivement les dossiers de reconnaissance en 1998, suite au scandale des faux moudjahidine. Mais encore une fois, cette mesure ne concernait pas les martyrs \u00e0 qui l\u2019on doit <strong>le devoir de m\u00e9moire.<\/strong> Pour moi c\u2019est un crime commis par l\u2019\u00c9tat alg\u00e9rien de ne pas le respecter.<\/p>\n<p>Malheureusement ceux qui ont souffert, subirent ces souffrances pour rien et beaucoup parmi eux sont morts et oubli\u00e9s. Ce sont les omis de la lib\u00e9ration.<\/p>\n<p>Quant \u00e0 ceux pour qui l\u2019on a construit des monuments aux morts&#8230; Il n\u2019y a qu\u2019\u00e0 passer voir dans quel \u00e9tat de d\u00e9labrement ils se trouvent. Ce qui est normal quand on voit la qualit\u00e9 m\u00e9diocre des mat\u00e9riaux de construction que l\u2019on a utilis\u00e9s pour ces \u00e9difices. Certains de ces monuments, \u00e9lev\u00e9s aux endroits o\u00f9 sont tomb\u00e9s les martyres, ne vont pas tarder \u00e0 dispara\u00eetre. Pour d\u2019autres monuments, on d\u00e9pose des poubelles juste \u00e0 c\u00f4t\u00e9 et cela n\u2019indigne personne&#8230; Une partie des citoyens qui ne connaissent pas leur histoire, viennent s\u2019asseoir sur ces monuments, qui deviennent des aires de repos.<\/p>\n<p>Et personne ne se soucie de \u00e7a, aussi bien les autorit\u00e9s que les citoyens.<\/p>\n<p>Par contre les agents de l\u2019\u00e9tat quand il s\u2019agit de faire leur publicit\u00e9 autour des hommages rendus aux combattants, pour faire voir que l\u2019on s\u2019occupe des martyrs, ils savent faire&#8230; ou plut\u00f4t se laver avec le sang de ses chouhada de tous les p\u00each\u00e9s commis et \u00e0 commettre et se glorifier eux-m\u00eames, ils viennent alors faire un tour, sous les cam\u00e9ras et les flashs puis ils s\u2019en vont.<\/p>\n<p>Je le dis, ce n\u2019est pas un mensonge, le devoir de m\u00e9moire n\u2019existe pas en Alg\u00e9rie et c\u2019est bien dommage.<\/p>\n<p>Pourquoi le devoir de m\u00e9moire n\u2019existe pas en Alg\u00e9rie\u2009? Parce que les anciens maquisards de la premi\u00e8re heure et authentiques ont tous \u00e9t\u00e9 \u00e9cart\u00e9s du pouvoir. Les gens comme moi qui ont v\u00e9cu cette guerre de pr\u00e8s, n\u2019ont pas les moyens de faire exister ce devoir de m\u00e9moire.<\/p>\n<p>Alors ce que je fais \u00e0 mon niveau, apr\u00e8s avoir constat\u00e9 que le devoir de m\u00e9moire est bafou\u00e9, c\u2019est simplement d\u2019apporter un t\u00e9moignage aux enfants des martyrs, \u00e0 leurs petits enfants et \u00e0 toutes les Alg\u00e9riennes et tous les Alg\u00e9riens, fils de martyr ou pas.<\/p>\n<p>J\u2019ai appris aussi une autre information. En haut lieu, on a d\u00e9cid\u00e9 d\u2019enlever le gel concernant l\u2019arr\u00eat d\u00e9finitif de l\u2019op\u00e9ration de reconnaissance des moudjahidine vivants. Cette d\u00e9cision serait motiv\u00e9e par le souci de permettre \u00e0 toute une frange d\u2019anciens moudjahidine qui n\u2019ont pas eu l\u2019opportunit\u00e9 de faire valoir leurs droits, de le faire. Pour diverses raisons. Est-ce que Monsieur Ikhlef Mustapha, responsable de l\u2019ONM de la ville <em>Bgayet<\/em> (B\u00e9ja\u00efa), le sait \u00e7a aussi. Je ne suis pas s\u00fbr. Ou alors s\u2019il sait tout \u00e7a et qu\u2019il ne fait rien&#8230; Pour en terminer avec lui, je le prie de bien vouloir nous dire ce qu\u2019il fait \u00e0 la place qu\u2019il occupe\u2009? Il ferait mieux de d\u00e9missionner de ses fonctions.<\/p>\n<p>Ceci dit malgr\u00e9 les difficult\u00e9s auxquelles je me suis heurt\u00e9 face \u00e0 l\u2019administration de notre pays, je ne suis pas pr\u00e8s de baisser les bras. Cette fois, je vais \u00e9crire directement au ministre des Moudjahidine. Cette lettre sera la cl\u00f4ture du chapitre des martyrs oubli\u00e9s, car elle s\u2019adresse \u00e9galement aux citoyennes et aux citoyens de notre pays. R\u00e9ponse ou pas r\u00e9ponse de la part du ministre des Moudjahidine, mes compatriotes sauront ce qui se passe chez nous. Ils doivent savoir que le devoir de m\u00e9moire est sacr\u00e9 et que celui ou celle qui se disent citoyens doivent le respecter. Nous sommes tous concern\u00e9s.<\/p>\n<p>Je l\u2019ai d\u00e9j\u00e0 dit maintes fois et je le r\u00e9p\u00e8te, oublier les martyrs c\u2019est comme si on les tuait une deuxi\u00e8me fois. Je pense sinc\u00e8rement qu\u2019aucune Alg\u00e9rienne, aucun Alg\u00e9rien ne peut accepter cette injustice que subissent nos martyrs. Parmi eux, il y a des femmes et des hommes. Le cas de mes deux oncles est loin d\u2019\u00eatre un cas isol\u00e9, et il y en a beaucoup plus que ce que l\u2019on imagine.<\/p>\n<p>Cette citation d\u2019Albert Camus, un \u00e9crivain c\u00e9l\u00e8bre correspond bien au cas de nos martyrs oubli\u00e9s.<\/p>\n<p><strong>\u00ab\u2009Les martyrs doivent choisir d\u2019\u00eatre oubli\u00e9s, raill\u00e9s ou utilis\u00e9s quant \u00e0 \u00eatre compris jamais.\u2009\u00bb<\/strong><\/p>\n<p>Nos martyrs sont largement utilis\u00e9s, oubli\u00e9s certainement et parfois m\u00eame raill\u00e9s par certains, mais jamais compris.<\/p>\n<p>Et j\u2019ajoute, on entend sans cesse <em>Allah yerham chouhada<\/em> en particulier de la part de ceux qui nous gouvernent, tout en sachant qu\u2019un bon nombre de ses martyrs sont oubli\u00e9s<strong>.<\/strong><\/p>\n<p>\u00c0 plusieurs reprises j\u2019ai dit que l\u2019\u00c9tat alg\u00e9rien ne se pr\u00e9occupe pas vraiment ni des martyrs ni de l\u2019histoire concernant la guerre de la lib\u00e9ration. \u00c0 part quand il s\u2019agit de faire sa publicit\u00e9 aux yeux des citoyens ou plut\u00f4t des sous-citoyens que nous sommes. Pour une simple et unique raison, la victoire arrach\u00e9e par les vrais moudjahidine authentiques de la premi\u00e8re heure a \u00e9t\u00e9 confisqu\u00e9e par une minorit\u00e9 de soi-disant anciens combattants qui n\u2019ont vu la guerre que de loin. Et aujourd\u2019hui, ils se croient les gardiens du temple. \u00c0 entendre parler certains, l\u2019Alg\u00e9rie est leur propri\u00e9t\u00e9. Et malheureusement, nous ne savons pas combien de temps cela va encore durer. Tout le monde sait que la guerre de la lib\u00e9ration la plupart du temps s\u2019est d\u00e9roul\u00e9e dans les montagnes et ses villages. Apr\u00e8s la guerre, les villages et leurs habitants ont \u00e9t\u00e9 compl\u00e8tement oubli\u00e9s par le gouvernement alg\u00e9rien. De quoi ont-ils b\u00e9n\u00e9fici\u00e9 ces montagnards plus de cinquante ans apr\u00e8s la guerre de la lib\u00e9ration\u2009? De rien. La plupart de ces villages \u00e0 moiti\u00e9 d\u00e9truits, ou compl\u00e8tement d\u00e9truits sont rest\u00e9s dans le m\u00eame \u00e9tat que le jour o\u00f9 l\u2019arm\u00e9e fran\u00e7aise les a laiss\u00e9s.<\/p>\n<p>Quant aux infrastructures de ces villages (<em>Tuddars<\/em>) qui devaient \u00eatre r\u00e9alis\u00e9s pour que les villageois puissent y rester, on n\u2019en parle m\u00eame pas. En voici quelques exemples.<\/p>\n<p><strong>Tala Ouriane<\/strong>, c\u2019est mon petit village de vingt familles. Pendant la guerre de la lib\u00e9ration, ses habitants se sont engag\u00e9s avec ardeur en aidant les maquisards jusqu\u2019\u00e0 la fin de la guerre&nbsp;et ont donn\u00e9 pas moins de onze martyrs \u00e0 la r\u00e9volution. Qu\u2019est-ce qu\u2019on a fait pour ce village\u2009? Rien, pas m\u00eame une petite plaque comm\u00e9morative pour honorer la m\u00e9moire de ses martyrs.<\/p>\n<p><strong>I\u00e2idounene<\/strong>, qui n\u2019est pas loin de Tala Ouriane avec ses vingt-cinq familles. Les habitants eux aussi ont soutenu les maquisards jusqu\u2019au jour o\u00f9 leur village a \u00e9t\u00e9 incendi\u00e9 par l\u2019arm\u00e9e fran\u00e7aise. Il ne reste plus rien de ce village qui \u00e0 lui seul a donn\u00e9 dix-huit martyrs. Deux moudjahidine natifs de ce village sont encore vivants, je leur souhaite longue vie. Rien n\u2019a \u00e9t\u00e9 fait pour honorer la m\u00e9moire de ce village martyr. Ni monument aux morts, pas m\u00eame une plaque indiquant qu\u2019ici m\u00eame un village entier a \u00e9t\u00e9 ras\u00e9.<\/p>\n<p><strong>Adrar Oufarnou<\/strong> avec une quinzaine de familles qui a donn\u00e9 lui aussi plusieurs martyrs. Le village a \u00e9t\u00e9 incendi\u00e9 et m\u00eame bombard\u00e9 au Napalm par l\u2019arm\u00e9e fran\u00e7aise, c\u2019est-\u00e0-dire qu\u2019il a \u00e9t\u00e9 ray\u00e9 de la carte. Et ceux qui ont pris le pouvoir depuis 1962 en ne faisant rien, l\u2019ont effac\u00e9 de l\u2019histoire. Je ne vois pas comment on va faire aimer leur pays aux citoyens, si l\u2019on ne leur apprend pas leur histoire et si l\u2019on ne fait rien pour leur rappeler ce qui s\u2019est pass\u00e9 pendant la guerre de la lib\u00e9ration. La plupart de nos jeunes n\u2019en connaissent rien.<\/p>\n<p>Les dix-neuf villages d\u2019<strong>I\u00e2mranene<\/strong> qui ont donn\u00e9 cent trente martyrs. \u00c0 ce jour, ce <em>\u00c2arch<\/em> est rest\u00e9 enclav\u00e9 dans le m\u00eame \u00e9tat laiss\u00e9 par la France. Aucune infrastructure, aucun monument historique digne de ce nom n\u2019a \u00e9t\u00e9 \u00e9rig\u00e9. Quelle scandale pour la m\u00e9moire de ces villageois dont j\u2019ai d\u00e9j\u00e0 parl\u00e9, et dont je sais combien ils ont souffert pendant la guerre, car beaucoup d\u2019entre eux sont venus se r\u00e9fugier \u00e0 Tala Ouriane jusqu\u2019\u00e0 la fin de la guerre parce qu\u2019ils n\u2019avaient plus rien.<\/p>\n<p><strong>Imezayen<\/strong>, dans sa globalit\u00e9, cette r\u00e9gion a donn\u00e9 plus de quatre cents martyrs. Le jour o\u00f9 les habitants de cette r\u00e9gion ont voulu construire un monument aux morts, symbole du devoir de m\u00e9moire rendu \u00e0 tous ses martyrs, il a fallu que les habitants organisent une collecte eux-m\u00eames. Cela a \u00e9t\u00e9 insuffisant, mais avec un engagement cons\u00e9quent de l\u2019\u00e9tat, on aurait pu construire un monument aux morts digne de ce nom, qui pouvait durer des si\u00e8cles, car l\u2019histoire est faite pour durer des si\u00e8cles.<\/p>\n<p>Mais non&#8230; il a \u00e9t\u00e9 construit avec un mat\u00e9riau de tr\u00e8s mauvaise qualit\u00e9 et aujourd\u2019hui ce monument aux morts, qui n\u2019est pas entretenu ni par l\u2019\u00e9tat ni par les citoyens, est compl\u00e8tement d\u00e9labr\u00e9, destin\u00e9 \u00e0 dispara\u00eetre et personne ne l\u00e8ve le petit doigt. Ce monument aux morts se trouve \u00e0 l\u2019embranchement de la commune de <em>Bgayet<\/em> (B\u00e9ja\u00efa) , sur la route nationale&nbsp;24 qui va \u00e0 Boulimat et qui continue jusqu\u2019\u00e0 Alger. Je donne cette pr\u00e9cision pour ceux qui ne connaissent pas la r\u00e9gion d\u2019Imezayen.<\/p>\n<p><a href=\"http:\/\/ecrire-coach.biographe-valeriejean.fr\/wp-content\/uploads\/2019\/04\/16-Me\u0301morial-dImezayen.jpeg\"><img loading=\"lazy\" decoding=\"async\" class=\"aligncenter wp-image-2291 size-full\" src=\"http:\/\/ecrire-coach.biographe-valeriejean.fr\/wp-content\/uploads\/2019\/04\/16-Me\u0301morial-dImezayen.jpeg\" alt=\"16-Me\u0301morial d'Imezayen\" width=\"1489\" height=\"1188\"><\/a><\/p>\n<p>Dans une dizaine d\u2019ann\u00e9es tout au plus, ce monument aux morts, sera perdu et ce que l\u2019on appelle la m\u00e9moire collective dispara\u00eetra avec, et je sais que ce n\u2019est pas ce que nous voulons tous. Mais malheureusement, c\u2019est ce qui va arriver. \u00c0 moins qu\u2019un sursaut advienne et c\u2019est ce que j\u2019esp\u00e8re. Et je dirais soyons reconnaissant envers ceux qui ont tout donn\u00e9, y compris leurs vies pour notre libert\u00e9.<\/p>\n<h5>Lettre au Ministre des Moudjahidin<\/h5>\n<p>Monsieur le Ministre, oublier les martyrs de la guerre de la lib\u00e9ration c\u2019est comme si on les tuait une deuxi\u00e8me fois.<\/p>\n<p>Monsieur le Ministre en tant que fils de chahid, je me trouve dans l\u2019obligation de vous adresser ce courrier, pour vous faire conna\u00eetre la r\u00e9alit\u00e9 de ce qui se passe dans notre pays. Je pense aussi que vous \u00eates assez inform\u00e9 de cette r\u00e9alit\u00e9 pour ne pas ignorer cette probl\u00e9matique qui concerne aussi bien les femmes que les hommes martyrs qui ont donn\u00e9 leurs vies pour que beaucoup de femmes et d\u2019hommes alg\u00e9riens puissent vivre aujourd\u2019hui libres et ind\u00e9pendants et \u00eatre respect\u00e9s en Alg\u00e9rie.<\/p>\n<p>Dans ce courrier, je vais vous parler de mon cas particulier.<\/p>\n<p>En effet, parmi tous ces martyrs se trouvent les membres de ma famille : Mon p\u00e8re Ouzebiha M\u2019hamed, reconnu martyr de la guerre de la liberation. Mes oncles Ouzebiha Khelaf et Ouzebiha Sma\u00efl qui par contre ne sont pas reconnus officiellement par l\u2019\u00c9tat alg\u00e9rien alors qu\u2019ils le sont par l\u2019ONM (L\u2019Organisation Nationale de Moudjahidine)<\/p>\n<p>Je voudrais attirer votre attention sur cette affaire que je trouve incompr\u00e9hensible et paradoxale. \u00c0 vrai dire, cela fait un moment que je cherche quelqu\u2019un pour me donner une explication s\u00e9rieuse, mais en vain. Je ne peux pas comprendre comment on peut oublier des femmes et des hommes qui ont sacrifi\u00e9 leurs vies pour nous et se contenter de les appeler les OMIS de la guerre de lib\u00e9ration. Pour moi c\u2019est invraisemblable. En ce qui concerne ma famille, mon p\u00e8re et mes deux oncles que je viens de citer, \u00e9taient tous les trois reconnus comme martyrs (des chouhada) depuis l\u2019ind\u00e9pendance. On a attribu\u00e9 leurs noms \u00e0 une \u00e9cole et pendant des ann\u00e9es, ce fut l\u2019\u00e9cole <strong>des<\/strong> <strong>fr\u00e8res Ouzebiha<\/strong>. Puis un jour, on a enlev\u00e9 la plaque rendant hommage \u00e0 ces martyrs qui \u00e9tait sur le mur, \u00e0 l\u2019entr\u00e9e de cette \u00e9cole du quartier L\u2019hamerihe (l\u2019ancien quartier Fort Clauzel \u00e0 <em>Bgayet<\/em> B\u00e9ja\u00efa). Apr\u00e8s travaux, l\u2019\u00e9cole a simplement \u00e9t\u00e9 d\u00e9baptis\u00e9e\u2009!!! \u00c0 pr\u00e9sent, on peut lire sur la nouvelle plaque, \u00c9COLE du CHAHID OUZEBIHA M\u2019HAMED. C\u2019est comme si mes oncles, OUZEBIHA Sma\u00efl et Khelaf n\u2019\u00e9taient plus des chahid. Pourtant tous les trois sont bel et bien tomb\u00e9s au champ d\u2019honneur les armes \u00e0 la main. J\u2019ajoute qu\u2019aujourd\u2019hui, d\u2019anciens Moudjahidine vivants les connaissent et sont pr\u00eats \u00e0 t\u00e9moigner que Monsieur Ouzebiha Sma\u00efl et Ouzebiha Khelaf sont bel et bien tomb\u00e9s au champ d\u2019honneur les armes \u00e0 la main. La seule r\u00e9ponse que l\u2019on m\u2019a donn\u00e9e \u00e0 l\u2019ONM c\u2019est qu\u2019il y a des martyrs que l\u2019on appelle les OMIS de la guerre de la lib\u00e9ration.<\/p>\n<p>Je r\u00e9p\u00e8te que cette r\u00e9ponse me semble une fois encore incompr\u00e9hensible et paradoxale. Pour la simple raison, l\u2019ONM, la KASMA, l\u2019APC, la DA\u00cfRA et l\u2019ONEC du moins c\u2019est ce que m\u2019ont expliqu\u00e9 tous les responsables de ces organisations, que d\u2019anciens Moudjahidine se sont r\u00e9unis et ont reconnu de fa\u00e7on formelle que les fr\u00e8res Ouzebiha \u00e9taient des anciens combattants morts au champ d\u2019honneur les armes \u00e0 la main. Autrement dit qu\u2019ils \u00e9taient incontestablement des soldats de l\u2019ALN.<\/p>\n<p>L\u2019\u00e9cole \u00e0 laquelle on a attribu\u00e9 le nom des fr\u00e8res Ouzebiha est situ\u00e9e dans l\u2019ancien quartier Fort Clauzel (L\u2019hamerihe) \u00e0 <em>Bgayet<\/em> (B\u00e9ja\u00efa), \u00e0 c\u00f4t\u00e9 d\u2019une autre \u00e9cole qui porte le nom de Bha\u00efri Slimane, bien entendu, lui aussi est martyr de la guerre de lib\u00e9ration. Il est indubitable que mes deux oncles eux aussi sont des martyrs de la guerre de la lib\u00e9ration.<\/p>\n<p><u>\u00c0 ce jour ni l\u2019ONM, ni la Kasma <\/u>qui se chargent directement de ses affaires, ni personne ne m\u2019a donn\u00e9 de r\u00e9ponse r\u00e9ellement acceptable. Alors je m\u2019adresse \u00e0 vous, Monsieur le Ministre, esp\u00e9rant que vous me donnerez une r\u00e9ponse satisfaisante et que vous accepterez de rem\u00e9dier \u00e0 cette injustice. Mon p\u00e8re et mes deux oncles sont morts et \u00e0 ce jour <u>notre famille n\u2019a toujours pas fait son deuil. <\/u><\/p>\n<p>Apr\u00e8s l\u2019ind\u00e9pendance on a attendu pendant deux ans dans l\u2019espoir de voir le retour de l\u2019un d\u2019entre eux. Malheureusement pour nous, comme pour beaucoup d\u2019autres familles, l\u2019attente est rest\u00e9e vaine. Voil\u00e0 la triste r\u00e9alit\u00e9 que nous avons v\u00e9cu ma famille et moi. Monsieur le Ministre je me permets d\u2019insister sur le fait qu\u2019oublier les martyrs qui ont donn\u00e9 leurs vies pour que l\u2019Alg\u00e9rie soit libre et ind\u00e9pendante est indigne. Plus de cinquante ans apr\u00e8s, on se contente d\u2019appeler ceux qui ont sacrifi\u00e9 leurs vies pour la nation \u00ab\u2009<strong>les omis de la guerre de la lib\u00e9ration\u2009<\/strong>\u00bb. Pour moi c\u2019est une insulte \u00e0 leur m\u00e9moire <u>c\u2019est comme si on les tuait une deuxi\u00e8me fois et cela est profond\u00e9ment injuste. <\/u><\/p>\n<p>Quand mon p\u00e8re et ses deux fr\u00e8res ont pris le maquis, moi je n\u2019avais que sept ans. Mon p\u00e8re \u00e9tait \u00e0 peine plus \u00e2g\u00e9 que son fr\u00e8re et son cousin, mes deux oncles Ouzebiha Sma\u00efl et mon oncle Ouzebiha Khelaf. Eux, \u00e9taient c\u00e9libataires et ont donn\u00e9 leurs vies alors qu\u2019ils \u00e9taient \u00e0 la fleur de l\u2019\u00e2ge.<\/p>\n<p>Pour ce qui est de la guerre d\u2019Alg\u00e9rie, elle a fait de moi un orphelin et l\u2019ind\u00e9pendance a fait de moi un grand d\u00e9\u00e7u.<\/p>\n<p>J\u2019esp\u00e8re, Monsieur le Ministre, ne pas conna\u00eetre de d\u00e9ception venant de vous. Je souhaite sinc\u00e8rement que vous apportiez une r\u00e9ponse favorable \u00e0 ma requ\u00eate. Quand je vois toutes les dates anniversaires durant lesquelles on c\u00e9l\u00e8bre ces \u00e9v\u00e8nements en grande pompe, journ\u00e9es auxquelles j\u2019assiste moi-m\u00eame, je constate avec douleur que <u>des martyrs tomb\u00e9s au champ d\u2019honneur <\/u>pour lib\u00e9rer leur pays de l\u2019ennemi, ne sont pas vraiment reconnus et que ces f\u00eates ne sont que de la poudre aux yeux. Je me permets de le dire, car cela me d\u00e9passe et m\u2019est insupportable. Je sais aussi que ce n\u2019est pas le cas de tout le monde de ne pas se soucier des familles des chouhada.<\/p>\n<p>N\u00e9anmoins, il me semble qu\u2019il y a certains responsables qui devraient faire le travail li\u00e9 \u00e0 leur attribution.<\/p>\n<p>On entend tout le monde se gargariser des mots <em>ALLAH YERHAM CHOUHADA<\/em>. Il semble plut\u00f4t que cela soit davantage pour se glorifier soi-m\u00eame. Il me semble en effet que ce n\u2019est pas pour rendre un hommage m\u00e9rit\u00e9 \u00e0 <u>ces <em>Za\u00e2imes<\/em><\/u> qui ont donn\u00e9 leurs vies afin que l\u2019Alg\u00e9rie soit libre et ind\u00e9pendante. Cela me chagrine beaucoup et je trouve \u00e7a bien dommage.<\/p>\n<p>Quand je vois l\u2019\u00c9tat alg\u00e9rien rendre hommage aux anciens combattants morts pour lib\u00e9rer la France du nazisme, je trouve que c\u2019est une bonne chose en soi, car il faut reconna\u00eetre la bravoure des femmes et des hommes courageux qui se sont sacrifi\u00e9s pour de bonnes causes. Mais dans ce cas, il faut reconna\u00eetre toutes les bonnes causes et n\u2019oublier personne de ceux qui ont donn\u00e9 leurs vies pour leur m\u00e8re patrie, comme mes deux oncles l\u2019ont fait. Comment voulez-vous que je ne sois pas r\u00e9volt\u00e9 de cette injustice\u2009?<\/p>\n<p><u>Moi fils de chahid touch\u00e9 dans ma chair,<\/u> comment voulez-vous que je puisse croire au s\u00e9rieux de ces hommages rendus aux martyr(e)s alg\u00e9riennes et alg\u00e9riens\u2009?<\/p>\n<p>La v\u00e9rit\u00e9 c\u2019est qu\u2019ils sont oubli\u00e9s et que ceux qui pr\u00e9sident ces c\u00e9r\u00e9monies du souvenir pensent davantage \u00e0 leur notori\u00e9t\u00e9 personnelle. Monsieur le ministre, moi fils de chahid, je n\u2019ai jamais rien demand\u00e9 \u00e0 l\u2019\u00c9tat alg\u00e9rien et je ne lui demanderais jamais rien.<\/p>\n<p>Si je vous adresse ce courrier, c\u2019est uniquement pour accomplir ce devoir que l\u2019on appelle le devoir de m\u00e9moire. Toutes les Alg\u00e9riennes et tous les Alg\u00e9riens qui se respectent et dignes de ce nom devraient accomplir cette t\u00e2che.<\/p>\n<p>Il est m\u00eame de notre devoir \u00e0 tous de ne pas laisser tomber dans l\u2019oubli ceux qui ont fait le sacrifice de leur vie pour nous. Afin que nous puissions tous vivre en tant que peuple libre ind\u00e9pendant et respect\u00e9. Mais si l\u2019on oublie ceux qui ont perdu leur vie pour nous, de quoi pourrions-nous \u00eatre fiers\u2009?<\/p>\n<p>Personne ne peut comprendre cette <strong>injustice <\/strong>et ceux qui sont morts ne seront jamais reconnus dans leur courage, leur dignit\u00e9 et leur honneur. Toutes les qualit\u00e9s dont ils ont fait preuve seront \u00e0 jamais emport\u00e9es avec eux. Il y va de notre fiert\u00e9 et de notre devoir de reconnaissance, car cette <strong>injustice <\/strong>nous rattrapera in\u00e9vitablement un jour ou l\u2019autre. Monsieur le ministre ce courrier ne s\u2019adresse pas uniquement \u00e0 vous et vos services, il s\u2019adresse aussi \u00e0 toutes les Alg\u00e9riennes et \u00e0 tous les Alg\u00e9riens qui veulent que leurs martyrs ne soient pas oubli\u00e9s.<\/p>\n<p>Je pense que vous aussi Monsieur le Ministre vous faite partie de ses Alg\u00e9riennes et ses Alg\u00e9riens qui comme moi, n\u2019accepte pas que leurs martyrs soient oubli\u00e9s.<\/p>\n<p>En ce qui me concerne Monsieur le Ministre, je pense que si vous acceptiez de me r\u00e9pondre, nous aurions tous deux effectu\u00e9 notre devoir de m\u00e9moire. Autrement dit, je n\u2019ai rien \u00e0 vous reprocher en tant que citoyen de notre pays. Par ailleurs, je sais qu\u2019aujourd\u2019hui vous \u00eates ministre des Moudjahidine, vous pouvez demain redevenir un simple citoyen comme moi. Et nous devons nous rappeler que tout citoyen responsable de ce pays et digne de ce nom doit satisfaire au devoir de m\u00e9moire, s\u2019il veut m\u00e9riter le nom de citoyen.<\/p>\n<p>Un pays sans m\u00e9moire c\u2019est un pays sans histoire, vou\u00e9 \u00e0 l\u2019\u00e9chec en permanence.<\/p>\n<p>En attendant une r\u00e9ponse favorable de votre part, je vous prie, Monsieur le Ministre, de recevoir l\u2019expression de mon plus profond respect.<\/p>\n<h5>\u00c9pilogue<\/h5>\n<p>QUE DIEU B\u00c9NISSE LES MARTYRS ET QU\u2019ILS REPOSENT EN PAIX.<\/p>\n<p>Ce que je raconte dans ce livre, c\u2019est ce que j\u2019ai v\u00e9cu avant la guerre, pendant la guerre et apr\u00e8s la guerre de la lib\u00e9ration, avec ma famille et tous les gens qui m\u2019entourent. Les remarques que j\u2019ai faites ou certaines choses que j\u2019ai dites ou que je reproche \u00e0 certains, je les ai toujours faites avec respect et objectivit\u00e9. Je n\u2019ai pas du tout l\u2019intention de juger les gens, seul Dieu en est capable sans se tromper. Ce n\u2019est pas du tout dans mes habitudes de faire des proc\u00e8s d\u2019intention aux personnes. Dans la vie, tout n\u2019est pas noir et tout n\u2019est pas blanc. Il faut de tout pour faire un monde.<\/p>\n<p>Ce que j\u2019ai v\u00e9cu, je sais que beaucoup d\u2019autres gens l\u2019ont v\u00e9cu aussi, en particulier ce qui s\u2019est pass\u00e9 pendant la guerre de la lib\u00e9ration. Je sais aussi que la majorit\u00e9 de mes concitoyennes et de mes concitoyens aiment leur pays comme moi. Beaucoup ont tout donn\u00e9 y compris leur vie.<\/p>\n<p>Moi j\u2019ai eu la chance de me sortir indemne de cette guerre, m\u00eame si je porte toujours les s\u00e9quelles psychologiques et physiques en moi. Mais ce que je peux dire avec une certitude absolue, c\u2019est que ceux qui ont travers\u00e9 cette guerre, ils ont \u00e9t\u00e9 marqu\u00e9s au fer rouge et \u00e0 vie.<\/p>\n<p>Un jour, un des anciens moudjahidine m\u2019a dit \u00ab\u2009ceux qui sont morts ne sont pas morts pour rien\u2009\u00bb et j\u2019ajoute, ceux qui ont souffert pendant cette guerre, femmes, hommes et enfants ne l\u2019ont pas fait pour rien, malgr\u00e9 le r\u00e9sultat nul de mes d\u00e9marches et le d\u00e9testable comportement de certaines personnes que nous voyons tous les jours. Je suis d\u2019accord avec lui. Et moi en tant que fils de chahid, je dis que nous devons continuer \u00e0 faire tout ce que nous pouvons pour que l\u2019injustice que nous subissons ne devienne pas une r\u00e8gle, et nous devons faire en sorte qu\u2019elle disparaisse pour ne pas perdurer et nous ronger de l\u2019int\u00e9rieur.<\/p>\n<p>Je pense sinc\u00e8rement que la majorit\u00e9 de nos concitoyennes et concitoyens, fils de chahid ou pas, moudjahid ou pas, y compris certains de ceux qui travaillent dans des postes o\u00f9 ils sont oblig\u00e9s de suivre le syst\u00e8me actuel, ont la volont\u00e9 de construire leur pays. Quant \u00e0 ceux qui soutiennent et profitent du syst\u00e8me en place, qui ne pensent qu\u2019\u00e0 leurs int\u00e9r\u00eats personnels, ils n\u2019ont pas leur place et le peuple les rejette bien \u00e9videmment.<\/p>\n<p>Il ne faut pas c\u00e9der aussi \u00e0 une certaine minorit\u00e9 de personnes qui croient que le pays est leur propri\u00e9t\u00e9 et qu\u2019ils n\u2019ont de compte \u00e0 rendre \u00e0 personne.<\/p>\n<p>Un des grands savants de notre pays, Mohamed \u00c2arkoun, mondialement connu a dit ceci <em>win yevghane ad isservah tamurt as inin verra<\/em> \u2014 celui qui veut enrichir le pays on lui dira dehors.<\/p>\n<p>J\u2019esp\u00e8re que cette citation ne sera qu\u2019un nuage de passage au-dessus de notre t\u00eate \u00e0 tous. Et que le jour viendra o\u00f9 tout le monde se mettra au travail dans l\u2019int\u00e9r\u00eat des uns et des autres et de celui de toute la nation alg\u00e9rienne bien \u00e9videmment.<\/p>\n<p><a href=\"http:\/\/www.biographe-valeriejean.fr\/fils-de-chahid-les-martyrs-oublies\/\" target=\"_blank\" rel=\"noopener noreferrer\">D&rsquo;autres extraits du r\u00e9cit \u00ab\u00a0fils de Chaid\u00a0\u00bb<\/a><\/p>\n<p><a href=\"http:\/\/ecrire-coach.biographe-valeriejean.fr\/wp-content\/uploads\/2013\/06\/common-right.png\"><img loading=\"lazy\" decoding=\"async\" class=\"size-full wp-image-2232 alignleft\" src=\"http:\/\/ecrire-coach.biographe-valeriejean.fr\/wp-content\/uploads\/2013\/06\/common-right.png\" alt=\"common right\" width=\"88\" height=\"31\"><\/a>Ce(tte) \u0153uvre est mise \u00e0 disposition selon les termes de la <a href=\"http:\/\/creativecommons.org\/licenses\/by-nc-nd\/2.0\/fr\/\" rel=\"license\">Licence Creative Commons Attribution \u2013 Pas d\u2019Utilisation Commerciale \u2013 Pas de Modification 2.0 France<\/a>.<\/p>\n","protected":false},"excerpt":{"rendered":"<p>Le livre \u00ab\u00a0Fils de Chahid\u00a0\u00bb avec Mokhtar Ouzebiha Accompagnement pour l&rsquo;\u00e9dition du livre&nbsp; de 250 pages : correction, chapitrage par titre, \u00e9quilibre structure du r\u00e9cit,&nbsp; travaux scan photo et PAO pour couverture, \u00e9criture quatri\u00e8me de couverture. EXTRAITS du livre \u00ab\u00a0fils de Chahid\u00a0\u00bb R\u00e9habiliter la m\u00e9moire des martyrs oubli\u00e9s de la guerre d&rsquo;Ind\u00e9pendance de l&rsquo;Alg\u00e9rie Notamment &hellip; <a href=\"https:\/\/ecrire-coach.biographe-valeriejean.fr\/?p=2288\" class=\"more-link\">Continuer la lecture de <span class=\"screen-reader-text\">Fils de Chahid<\/span>  <span class=\"meta-nav\">&rarr;<\/span><\/a><\/p>\n","protected":false},"author":1,"featured_media":2289,"comment_status":"open","ping_status":"open","sticky":false,"template":"","format":"aside","meta":{"footnotes":""},"categories":[2],"tags":[],"class_list":["post-2288","post","type-post","status-publish","format-aside","has-post-thumbnail","hentry","category-les-biographies-realisees","post_format-post-format-aside"],"aioseo_notices":[],"jetpack_featured_media_url":"","_links":{"self":[{"href":"https:\/\/ecrire-coach.biographe-valeriejean.fr\/index.php?rest_route=\/wp\/v2\/posts\/2288","targetHints":{"allow":["GET"]}}],"collection":[{"href":"https:\/\/ecrire-coach.biographe-valeriejean.fr\/index.php?rest_route=\/wp\/v2\/posts"}],"about":[{"href":"https:\/\/ecrire-coach.biographe-valeriejean.fr\/index.php?rest_route=\/wp\/v2\/types\/post"}],"author":[{"embeddable":true,"href":"https:\/\/ecrire-coach.biographe-valeriejean.fr\/index.php?rest_route=\/wp\/v2\/users\/1"}],"replies":[{"embeddable":true,"href":"https:\/\/ecrire-coach.biographe-valeriejean.fr\/index.php?rest_route=%2Fwp%2Fv2%2Fcomments&post=2288"}],"version-history":[{"count":0,"href":"https:\/\/ecrire-coach.biographe-valeriejean.fr\/index.php?rest_route=\/wp\/v2\/posts\/2288\/revisions"}],"wp:featuredmedia":[{"embeddable":true,"href":"https:\/\/ecrire-coach.biographe-valeriejean.fr\/index.php?rest_route=\/"}],"wp:attachment":[{"href":"https:\/\/ecrire-coach.biographe-valeriejean.fr\/index.php?rest_route=%2Fwp%2Fv2%2Fmedia&parent=2288"}],"wp:term":[{"taxonomy":"category","embeddable":true,"href":"https:\/\/ecrire-coach.biographe-valeriejean.fr\/index.php?rest_route=%2Fwp%2Fv2%2Fcategories&post=2288"},{"taxonomy":"post_tag","embeddable":true,"href":"https:\/\/ecrire-coach.biographe-valeriejean.fr\/index.php?rest_route=%2Fwp%2Fv2%2Ftags&post=2288"}],"curies":[{"name":"wp","href":"https:\/\/api.w.org\/{rel}","templated":true}]}}