{"id":2328,"date":"2020-01-21T12:11:59","date_gmt":"2020-01-21T11:11:59","guid":{"rendered":"http:\/\/ecrire-coach.biographe-valeriejean.fr\/?p=2328"},"modified":"2020-01-21T12:11:59","modified_gmt":"2020-01-21T11:11:59","slug":"le-valet-de-coeur-emporte-la-dame-de-carreau","status":"publish","type":"post","link":"https:\/\/ecrire-coach.biographe-valeriejean.fr\/?p=2328","title":{"rendered":"Le valet de coeur emporte la dame de carreau"},"content":{"rendered":"\n<p>Une biographie r\u00e9alis\u00e9e en 6 mois avec Jeanine. Elle raconte une enfance sans espace de jeux, seulement remplie de t\u00e2ches quotidiennes et une adolescence sur fond de frustrations. Mais le bonheur croisera enfin sa route avec son valet de coeur&#8230;<\/p>\n\n\n\n<figure class=\"wp-block-image size-large\"><img decoding=\"async\" src=\"http:\/\/ecrire-coach.biographe-valeriejean.fr\/wp-content\/uploads\/2020\/01\/Jeanine-Boucher2.jpg\" alt=\"\" class=\"wp-image-2329\"\/><\/figure>\n\n\n\n<h2 class=\"wp-block-heading\">Extraits de la biographie<\/h2>\n\n\n\n<p>Pendant longtemps, on a dormi dans une seule pi\u00e8ce, nous\npartageant le lit avec mes s\u0153urs. Dans la pi\u00e8ce \u00e0 vivre, il y avait la grosse\ncuisini\u00e8re en fonte que l\u2019on rechargeait de bois pour tout chauffer&nbsp;: la\nmaison, les baquets d\u2019eau pour laver le linge, les gamelles et la vaisselle. Il\nn\u2019y avait qu\u2019un \u00e9vier dans la pi\u00e8ce, qui servait de lavabo, qu\u2019on utilisait\npour la toilette du matin. Le samedi apr\u00e8s-midi, c\u2019\u00e9tait le bain dans le baquet\npour tous les enfants. Les toilettes, c\u2019\u00e9tait le pipi dans un pot de chambre et\nla nature pour le reste, dans le pr\u00e9 tout autour de la maison. Le papier\ntoilette c\u2019\u00e9tait le journal que maman achetait&nbsp;: l\u2019\u00e9cho et le Parisien.<\/p>\n\n\n\n<!--more-->\n\n\n\n<p>L\u2019armoire principale, qui recevait tout notre linge et\nnos v\u00eatements, tr\u00f4nait dans la chambre et un buffet abritait la vaisselle et le\npeu de r\u00e9serves alimentaires.<\/p>\n\n\n\n<p>La maison poss\u00e9dait \u00e9galement un grenier accessible gr\u00e2ce\n\u00e0 une \u00e9chelle. On y stockait des affaires, ainsi que dans ce qu\u2019on appelait \u00ab\u2009la\ncave\u2009\u00bb. En fait, c\u2019\u00e9tait un appentis accol\u00e9 \u00e0 l\u2019arri\u00e8re de la maison. <\/p>\n\n\n\n<p>Il y avait un petit potager dont papa s\u2019occupait pour\nr\u00e9colter les choux, les poireaux, les carottes entre autres, que je mettais \u00e0\ncuire pour la soupe. \u00c9t\u00e9 comme hiver, c\u2019\u00e9tait le plat principal du soir. Quand\non manquait d\u2019un ingr\u00e9dient particulier, on allait chez Arthurine, notre\nvoisine fermi\u00e8re, qui nous d\u00e9pannait d\u2019un ou deux l\u00e9gumes. Tous les soirs, on\nallait chercher le lait chez elle, tout frais et cela nous arrivait, les soirs\nd\u2019\u00e9t\u00e9, de ne manger qu\u2019un gruau de pain tremp\u00e9 dans du lait.<\/p>\n\n\n\n<p>Dans la cour, maman \u00e9levait des poulets. Je me revois, j\u2019avais environ trois ans, avec un b\u00e2ton frappant les petits poulets tout en disant&nbsp;: Les cocottes maintenant elles font dodo\u2009! Maman m\u2019avait alors expliqu\u00e9 qu\u2019il ne fallait plus faire \u00e7a, jamais\u2026Un autre souvenir me revient plus terrible celui-l\u00e0\u2009!<\/p>\n\n\n\n<h2 class=\"wp-block-heading\">\u00c0 l&rsquo;\u00e9cole<\/h2>\n\n\n\n<p>J\u2019avais \u00e9t\u00e9 vaccin\u00e9 contre la coqueluche par une\ninfirmi\u00e8re, amie de mes parents. La piq\u00fbre a d\u00e9g\u00e9n\u00e9r\u00e9 en abc\u00e8s et le m\u00e9decin a\nd\u00fb m\u2019ouvrir la plaie avec son bistouri pour faire \u00e9couler le pus. Depuis ce\njour, j\u2019ai une sainte horreur des piq\u00fbres. D\u2019ailleurs quand arrivait le jour de\nla vaccination scolaire, je me cachais dans les toilettes pour y couper. Ma\nm\u00e8re, qui ce jour-l\u00e0 m\u2019accompagnait avec le carnet de sant\u00e9, devait s\u2019assurer\nde ma pr\u00e9sence\u2026 Elle a souvent caval\u00e9 apr\u00e8s moi les jours de vaccination\u2009!<\/p>\n\n\n\n<p>Mais revenons \u00e0 ma petite enfance quand j\u2019allais petite chez ma grand-m\u00e8re \u00e0 pied.<\/p>\n\n\n\n<h2 class=\"wp-block-heading\">Les vacances \u00e0 la ferme et en camping<\/h2>\n\n\n\n<p>Gabrielle, c\u2019\u00e9tait m\u00e9m\u00e8re ador\u00e9e qui a \u00e9t\u00e9 durant toute\nson existence mon rayon de soleil. Comme je l\u2019ai dit, elle travaillait dans les\nfermes, mais avait ses propres vaches&nbsp;: Marguerite et Rougette. <\/p>\n\n\n\n<p>Je l\u2019accompagnais \u00e0 la traite et nous ramenions le lait\ndans des bidons d\u2019aluminium. \u00c0 l\u2019aide de la baratte, elle fabriquait du beurre et\nde la cr\u00e8me. Il y avait aussi un potager, mais je ne m\u2019en occupais pas.<\/p>\n\n\n\n<p>\u00c0 L\u2019Alma, dans la maison, il y avait l\u2019\u00e9lectricit\u00e9, mais pas d\u2019eau courante et il fallait aller chercher l\u2019eau \u00e0 la mare avec un seau&#8230; Un jour je suis tomb\u00e9e dedans\u2009!<\/p>\n\n\n\n<p>L\u2019\u00e9t\u00e9, on partait en vacances faire du camping sauvage \u00e0 Colleville sur mer, dans le Calvados. \u00c0 l\u2019\u00e9poque, c\u2019\u00e9tait encore autoris\u00e9 de planter sa tente dans un coin de nature&#8230; Ce petit village est au-dessus de la c\u00e9l\u00e8bre plage d\u2019Omaha Beach, une des plages les plus sanglantes du d\u00e9barquement de juin 1944. Il y a d\u2019ailleurs ici, un immense cimeti\u00e8re am\u00e9ricain.<\/p>\n\n\n\n<p>Pour ma communion solennelle, j\u2019avais une robe que l\u2019on appelait \u00ab\u2009la toilette\u2009\u00bb. C\u2019\u00e9tait beaucoup plus joli que les aubes qui sont arriv\u00e9es plus tard. Les toilettes pouvaient \u00eatre agr\u00e9ment\u00e9es de dentelle et elles \u00e9taient plus cintr\u00e9es \u00e0 la taille, affinant la silhouette.<\/p>\n\n\n\n<h2 class=\"wp-block-heading\">Adieu les vacances bonjour l&rsquo;esclavage<\/h2>\n\n\n\n<p>Imaginez une petite fille de dix ans, \u00e0 qui on demande de s\u2019occuper d\u2019une maisonn\u00e9e de dix personnes, \u00e9tant seulement aid\u00e9e de ses petites s\u0153urs de six et neuf ans&#8230; et de Marianne ma s\u0153ur handicap\u00e9e qui nous aidait pour les t\u00e2ches o\u00f9 elle pouvait \u00eatre assise. Voil\u00e0 le tour que prit mon enfance, j\u2019\u00e9tais au c\u0153ur de la machine m\u00e9nag\u00e8re de la maison et  quand je revenais le soir de l\u2019\u00e9cole, de nombreuses activit\u00e9s m\u2019attendaient.<\/p>\n\n\n\n<p>Je pr\u00e9parais la soupe tous les soirs, je lessivais le sol\nfait de ciment brut et de tomettes anciennes, je faisais la vaisselle et la\nlessive. Je me souviens particuli\u00e8rement des couches de mes petites s\u0153urs,\nencore b\u00e9b\u00e9, qu\u2019il fallait mettre \u00e0 bouillir sur la cuisini\u00e8re&#8230;<\/p>\n\n\n\n<p>L\u2019hiver, il fallait rentrer le bois avant la nuit. Le\nweek-end, mon p\u00e8re partait dans les bois abattre les arbres en pied. Avant de\nd\u00e9biter les troncs, nous l\u2019aidions \u00e0 mesurer les st\u00e8res. Quand tout avait \u00e9t\u00e9\ntron\u00e7onn\u00e9, nous rentrions encore le bois dans l\u2019appentis pour le mettre \u00e0 l\u2019abri.<\/p>\n\n\n\n<p>Le fameux appentis o\u00f9 ma m\u00e8re eut un jour la bonne id\u00e9e d\u2019\u00e9lever des cochons pour am\u00e9liorer l\u2019ordinaire. Et bien s\u00fbr, ce fut \u00e0 moi que revint le privil\u00e8ge de curer la soue tous les jeudis. C\u2019\u00e9tait tellement p\u00e9nible qu\u2019il m\u2019arrivait d\u2019en pleurer au moment de la faire&#8230; de m\u00eame quand je devais vider le puisard des eaux us\u00e9es.<\/p>\n\n\n\n<p><a href=\"https:\/\/www.biographe-valeriejean.fr\/le-valet-de-coeur-emporte-la-dame-de-carreau\/\">D&rsquo;autres extraits sur mon site professionnel<\/a><\/p>\n\n\n\n<figure class=\"wp-block-image size-large\"><img decoding=\"async\" src=\"http:\/\/ecrire-coach.biographe-valeriejean.fr\/wp-content\/uploads\/2013\/06\/common-right.png\" alt=\"\" class=\"wp-image-2232\"\/><figcaption>Ce(tte) \u0153uvre est mise \u00e0 disposition selon les termes de la <a href=\"http:\/\/creativecommons.org\/licenses\/by-nc-nd\/2.0\/fr\/\">Licence Creative Commons Attribution \u2013 Pas d\u2019Utilisation Commerciale \u2013 Pas de Modification 2.0 France<\/a>.<\/figcaption><\/figure>\n","protected":false},"excerpt":{"rendered":"<p>Une biographie r\u00e9alis\u00e9e en 6 mois avec Jeanine. Elle raconte une enfance sans espace de jeux, seulement remplie de t\u00e2ches quotidiennes et une adolescence sur fond de frustrations. Mais le bonheur croisera enfin sa route avec son valet de coeur&#8230; Extraits de la biographie Pendant longtemps, on a dormi dans une seule pi\u00e8ce, nous partageant &hellip; <a href=\"https:\/\/ecrire-coach.biographe-valeriejean.fr\/?p=2328\" class=\"more-link\">Continuer la lecture de <span class=\"screen-reader-text\">Le valet de coeur emporte la dame de carreau<\/span>  <span class=\"meta-nav\">&rarr;<\/span><\/a><\/p>\n","protected":false},"author":1,"featured_media":2329,"comment_status":"open","ping_status":"open","sticky":false,"template":"","format":"aside","meta":{"footnotes":""},"categories":[2],"tags":[],"class_list":["post-2328","post","type-post","status-publish","format-aside","has-post-thumbnail","hentry","category-les-biographies-realisees","post_format-post-format-aside"],"aioseo_notices":[],"jetpack_featured_media_url":"","_links":{"self":[{"href":"https:\/\/ecrire-coach.biographe-valeriejean.fr\/index.php?rest_route=\/wp\/v2\/posts\/2328","targetHints":{"allow":["GET"]}}],"collection":[{"href":"https:\/\/ecrire-coach.biographe-valeriejean.fr\/index.php?rest_route=\/wp\/v2\/posts"}],"about":[{"href":"https:\/\/ecrire-coach.biographe-valeriejean.fr\/index.php?rest_route=\/wp\/v2\/types\/post"}],"author":[{"embeddable":true,"href":"https:\/\/ecrire-coach.biographe-valeriejean.fr\/index.php?rest_route=\/wp\/v2\/users\/1"}],"replies":[{"embeddable":true,"href":"https:\/\/ecrire-coach.biographe-valeriejean.fr\/index.php?rest_route=%2Fwp%2Fv2%2Fcomments&post=2328"}],"version-history":[{"count":0,"href":"https:\/\/ecrire-coach.biographe-valeriejean.fr\/index.php?rest_route=\/wp\/v2\/posts\/2328\/revisions"}],"wp:featuredmedia":[{"embeddable":true,"href":"https:\/\/ecrire-coach.biographe-valeriejean.fr\/index.php?rest_route=\/"}],"wp:attachment":[{"href":"https:\/\/ecrire-coach.biographe-valeriejean.fr\/index.php?rest_route=%2Fwp%2Fv2%2Fmedia&parent=2328"}],"wp:term":[{"taxonomy":"category","embeddable":true,"href":"https:\/\/ecrire-coach.biographe-valeriejean.fr\/index.php?rest_route=%2Fwp%2Fv2%2Fcategories&post=2328"},{"taxonomy":"post_tag","embeddable":true,"href":"https:\/\/ecrire-coach.biographe-valeriejean.fr\/index.php?rest_route=%2Fwp%2Fv2%2Ftags&post=2328"}],"curies":[{"name":"wp","href":"https:\/\/api.w.org\/{rel}","templated":true}]}}