{"id":2396,"date":"2021-02-17T16:19:38","date_gmt":"2021-02-17T15:19:38","guid":{"rendered":"http:\/\/ecrire-coach.biographe-valeriejean.fr\/?p=2396"},"modified":"2021-02-17T16:19:38","modified_gmt":"2021-02-17T15:19:38","slug":"le-cercle-de-paillettes-et-de-sciure","status":"publish","type":"post","link":"https:\/\/ecrire-coach.biographe-valeriejean.fr\/?p=2396","title":{"rendered":"le cercle de paillettes et de sciure"},"content":{"rendered":"\n<p>Une belle biographie \u00e0 quatre crayons ! Ceux de Anne et Gu\u00e9rino, accompagn\u00e9s de Val\u00e9rie Jean, Biographe qui a plong\u00e9 au coeur de l&rsquo;univers circassien pour l&rsquo;\u00e9crire.<\/p>\n\n\n\n<figure class=\"wp-block-image size-large\"><img decoding=\"async\" src=\"http:\/\/ecrire-coach.biographe-valeriejean.fr\/wp-content\/uploads\/2021\/02\/SIMONELLI_HUGONLe-cercle-de-paillettes-et-de-sciure10-copie-722x1024.jpg\" alt=\"\" class=\"wp-image-2397\"\/><figcaption>Anne Hugon en artiste aux multiples talents a r\u00e9alis\u00e9 l&rsquo;aquarelle pour illustrer sa biographie<\/figcaption><\/figure>\n\n\n\n<p>Une rencontre de talents et de coeurs pour ce couple d&rsquo;artistes circassiens qui ont toute une vie p\u00e9r\u00e9grin\u00e9 \u00e0 travers l&rsquo;Europe et le monde pour offrir du r\u00eave aux spectateurs m\u00e9dus\u00e9s par tant d&rsquo;adresse et de beaut\u00e9.<\/p>\n\n\n\n<p>Anne et Gu\u00e9rino, \u00e0 travers leur livre, nous offre les coulisses des artistes de cirque et leur g\u00e9n\u00e9rosit\u00e9.<\/p>\n\n\n\n<!--more-->\n\n\n\n<h2 class=\"wp-block-heading\">Extraits du livre \u00ab\u00a0Le cercle de paillettes et de sciure\u00a0\u00bb<\/h2>\n\n\n\n<h3 class=\"wp-block-heading\">Le nez dans les \u00e9toiles<\/h3>\n\n\n\n<h4 class=\"wp-block-heading\">&nbsp;<a>L<\/a>e projet d\u2019une vie<\/h4>\n\n\n\n<p>Elle, c\u2019est un petit soleil. Et lui, est bon comme du bon pain.<\/p>\n\n\n\n<p>Avec cette description g\u00e9n\u00e9reuse, de Blandine l\u2019amie fid\u00e8le qui dessine logo et affiches, le ton est donn\u00e9 pour parler de Anne et de Gu\u00e9rino. Ce couple passionn\u00e9 a crois\u00e9 la route de beaucoup d\u2019artistes circassiens et au moment o\u00f9 il fallait raccrocher, il a su partager et transmettre son art avec la cr\u00e9ation de l\u2019\u00e9cole de cirque \u00ab\u2009Le nez dans les \u00e9toiles\u2009\u00bb.<\/p>\n\n\n\n<p>Anne et Gu\u00e9rino ont des sourires \u00e9mus quand ils se souviennent du dernier gala qui leur a \u00e9t\u00e9 offert pour leur d\u00e9part \u00e0 la retraite, avec une belle surprise&nbsp;: le num\u00e9ro de main \u00e0 main qu\u2019ils pr\u00e9sentaient autrefois. L\u2019\u00e9quipe du nez dans les \u00e9toiles est davantage qu\u2019un groupe de collaborateurs, c\u2019est une famille rassembl\u00e9e autour d\u2019une m\u00eame passion&nbsp;: le cirque.<\/p>\n\n\n\n<h3 class=\"wp-block-heading\"><a>Un nouveau d\u00e9fi \u00e0 relever<\/a><\/h3>\n\n\n\n<p>Mon stylo \u00e0 la main, je les \u00e9coute me conter leur longue histoire. Gu\u00e9rino, le regard vif, impatient, commence le r\u00e9cit<\/p>\n\n\n\n<p>&nbsp;&nbsp;&nbsp;&nbsp;&nbsp;&nbsp;&nbsp;&nbsp; \u2013&nbsp;<em>Quand on a arr\u00eat\u00e9 les tourn\u00e9es, on est devenu s\u00e9dentaire mais on continuait de faire les galas. C\u2019est \u00e0 ce moment-l\u00e0 qu\u2019on a cherch\u00e9 \u00e0 enseigner dans une \u00e9cole de cirque. Mais dans les ann\u00e9es&nbsp;1990, il en existait tr\u00e8s peu. On est all\u00e9 d\u2019abord \u00e0 Amiens mais cela n\u2019a pas march\u00e9&#8230; puis Ch\u00e2tellerault, Chamb\u00e9ry, Toulouse entre autres et partout on ne nous proposait que des postes d\u2019animateurs techniques.<\/em><em><\/em><\/p>\n\n\n\n<p><em>On a fini par arr\u00eater de chercher et on s\u2019est dit qu\u2019on allait fonder notre propre \u00e9cole.<\/em><em><\/em><\/p>\n\n\n\n<p>Habitant dans le Berry, ils partent prospecter \u00e0 Bourges pour trouver une salle mais ne trouvent rien. Gu\u00e9rino avait donn\u00e9 des cours \u00e0 Vierzon avec J G qui avait un contact avec M.&nbsp;Alain Aufr\u00e8re de la FOL (F\u00e9d\u00e9ration des \u0152uvres La\u00efques) du Cher qui est int\u00e9ress\u00e9 par le projet. \u00c0 ce moment-l\u00e0, une friche culturelle \u00e9tait en train de na\u00eetre sur un terrain \u00e0 Bourges. L\u2019id\u00e9e de monter un chapiteau germe alors dans la t\u00eate des trois comp\u00e8res. L\u2019association qui \u00e9tait d\u00e9j\u00e0 install\u00e9e n\u2019a pas vu d\u2019inconv\u00e9nient \u00e0 ce qu\u2019un chapiteau de cirque soit mont\u00e9 sur une partie du terrain. Il n\u2019y avait plus qu\u2019\u00e0 rencontrer le maire, Serge L, qui est favorable au projet. Il demande \u00e0 ce qu\u2019on lui pr\u00e9sente un book et pr\u00e9vient qu\u2019aucun budget de fonctionnement ne sera allou\u00e9&#8230;<\/p>\n\n\n\n<p>Avec leurs \u00e9conomies, Anne et Gu\u00e9rino investissent dans ce qui sera l\u2019outil principal de leur \u00e9cole&nbsp;: le chapiteau.<\/p>\n\n\n\n<figure class=\"wp-block-image size-large\"><img decoding=\"async\" src=\"http:\/\/ecrire-coach.biographe-valeriejean.fr\/wp-content\/uploads\/2021\/02\/3-Exte\u0301rieur-nouveau-chapiteau.jpg\" alt=\"\" class=\"wp-image-2400\"\/><figcaption>Chapiteau de l&rsquo;\u00e9cole \u00ab\u00a0le nez dans les \u00e9toiles\u00a0\u00bb<\/figcaption><\/figure>\n\n\n\n<p>&nbsp;&nbsp;&nbsp;&nbsp;&nbsp;&nbsp;&nbsp;&nbsp; \u2013&nbsp;<em>On se met en qu\u00eate de trouver un chapiteau. Le monde du cirque est petit et par notre r\u00e9seau d\u2019amis, on sait qu\u2019un petit chapiteau est \u00e0 vendre \u00e0 40<\/em><em>\u2009<\/em><em>000&nbsp;francs. On casse la tirelire et on ach\u00e8te notre premier chapiteau, petit mais mignon&#8230; m\u2019explique Gu\u00e9rino.<\/em><em><\/em><\/p>\n\n\n\n<p>Le projet de l\u2019\u00e9cole est lanc\u00e9&nbsp;: d\u00e9frichage du terrain, d\u00e9blayage des carcasses de voitures, nettoyage.<\/p>\n\n\n\n<p>Pour cela, c\u2019\u00e9tait facile, l\u2019huile de coude suffisait. Par contre, il a fallu cr\u00e9er une association et pour la paperasse, il fallait se faire aider, car Anne et Gu\u00e9rino n\u2019avaient jamais fait \u00e7a. La chambre de commerce de Bourges a conseill\u00e9 la formule associative.<\/p>\n\n\n\n<p>Pierre-Maurice L, pr\u00e9sentateur au cours d\u2019une de leur tourn\u00e9e, devenu leur ami, se propose de les accompagner dans ce projet et prend la Pr\u00e9sidence en sugg\u00e9rant de nommer l\u2019\u00e9cole \u00ab&nbsp;Le nez dans les \u00e9toiles&nbsp;\u00bb.<\/p>\n\n\n\n<p>Gr\u00e2ce \u00e0 la Municipalit\u00e9 et \u00e0 Jeunesse et Sports, l\u2019association se voit confier des ateliers CEL (Contrat \u00c9ducatif Local), un dispositif qui proposait aux enfants des ateliers culturels et sportifs sur leur temps scolaire. C\u2019\u00e9tait totalement dans l\u2019esprit d\u2019\u00e9ducation populaire que souhaitaient Anne et Gu\u00e9rino pour leur association.<\/p>\n\n\n\n<p>Ce contrat permet \u00e0 l\u2019\u00e9cole de bien d\u00e9marrer avec une quarantaine d\u2019\u00e9l\u00e8ves.<\/p>\n\n\n\n<p>L\u2019\u00e9cole \u00ab\u2009Le nez dans les \u00e9toiles\u2009\u00bb \u00e9tait devenue r\u00e9alit\u00e9.<\/p>\n\n\n\n<figure class=\"wp-block-image size-large\"><img decoding=\"async\" src=\"http:\/\/ecrire-coach.biographe-valeriejean.fr\/wp-content\/uploads\/2021\/02\/4-Inte\u0301rieur-nouveau-chapiteau-2017.jpg\" alt=\"\" class=\"wp-image-2401\"\/><figcaption>L&rsquo;\u00e9cole de cirque \u00ab\u00a0le nez dans les \u00e9toiles\u00a0\u00bb<\/figcaption><\/figure>\n\n\n\n<p>Anne reprend la parole pour donner des d\u00e9tails.<\/p>\n\n\n\n<p>&nbsp;&nbsp;&nbsp;&nbsp;&nbsp;&nbsp;&nbsp;&nbsp; \u2013&nbsp;<em>Entre temps, on \u00e9tait d\u00e9clar\u00e9s comme intermittents, car on continuait les galas. La FOL nous a accompagn\u00e9s pour nous aider dans les d\u00e9clarations pour basculer du statut d\u2019intermittent \u00e0 celui de salari\u00e9s. Dans notre t\u00eate, on \u00e9tait ind\u00e9pendants et on n\u2019avait pas l\u2019id\u00e9e d\u2019\u00eatre subventionn\u00e9s. Daniel, l\u2019ancien partenaire de Gu\u00e9rino qui enseignait dans une \u00e9cole de cirque de Bordeaux et l\u2019association EMMETROP, nous ont alors beaucoup conseill\u00e9 sur le fonctionnement des associations. Et puis il a fallu fabriquer tout le mat\u00e9riel n\u00e9cessaire \u00e0 l\u2019apprentissage des diff\u00e9rentes techniques.&nbsp; &nbsp;C\u2019est Gu\u00e9rino qui s\u2019y est coll\u00e9<\/em><em>\u2009<\/em><em>!<\/em><em><\/em><\/p>\n\n\n\n<p>Au bout de trois ann\u00e9es, quand l\u2019\u00e9cole a d\u00e9gag\u00e9 suffisamment de finances, l\u2019association a rembours\u00e9 l\u2019achat du chapiteau \u00e0 Anne et Gu\u00e9rino.<\/p>\n\n\n\n<p>Plus tard, la reconnaissance est arriv\u00e9e par la visite du maire, accompagn\u00e9 de Madame Trautmann alors ministre de la Culture. Je l\u2019imagine posant la question&nbsp;: \u00ab\u2009alors comment se passent les ateliers\u2009?\u2009\u00bb et Gu\u00e9rino de r\u00e9pondre&nbsp;:<\/p>\n\n\n\n<p>&nbsp;&nbsp;&nbsp;&nbsp;&nbsp;&nbsp;&nbsp;&nbsp; \u2013&nbsp;<em>On commence par l\u2019\u00e9chauffement, des \u00e9tirements. Ensuite, les \u00e9l\u00e8ves choisissent un atelier pour commencer puis pendant quelque temps ils tournent sur les ateliers avant d\u2019en choisir un sur lequel ils resteront le restant de l\u2019ann\u00e9e.<\/em><em><\/em><\/p>\n\n\n\n<p><em>\u00c0 un petit niveau, Anne et moi on peut tout enseigner, car nous avons appris beaucoup pendant notre carri\u00e8re. Quand le niveau s\u2019\u00e9l\u00e8ve, on fait appel \u00e0 des amis artistes pour encadrer les \u00e9l\u00e8ves avanc\u00e9s.<\/em><em><\/em><\/p>\n\n\n\n<p>Les cours s\u2019effectuent par s\u00e9quence hebdomadaire et un gala regroupe l\u2019ensemble des spectacles en fin d\u2019ann\u00e9e. Actuellement, il y a 5 spectacles qui permettent aux 250 \u00e9l\u00e8ves de l\u2019\u00e9cole de se produire devant un public.<\/p>\n\n\n\n<p>&nbsp;&nbsp;&nbsp;&nbsp;&nbsp;&nbsp;&nbsp;&nbsp; \u2013&nbsp;<em>Anne fabriquait les costumes <\/em>(<em>la location est une sorte de d\u00e9fraiement ce n\u2019est pas la peine de le mentionner)<\/em> <em>ajouta Gu\u00e9rino <\/em><em><\/em><\/p>\n\n\n\n<p>&nbsp;&nbsp;&nbsp;&nbsp;&nbsp;&nbsp;&nbsp;&nbsp; \u2013&nbsp;<em>Je les ai tous gard\u00e9s, aujourd\u2019hui ils appartiennent \u00e0 l\u2019\u00e9cole compl\u00e9ta Anne.<\/em><em><\/em><\/p>\n\n\n\n<p><em>Et puis retournant dans le pass\u00e9, leur conversation s\u2019anime autour des dates, des arriv\u00e9es, des d\u00e9parts des uns et des autres&#8230; j\u2019assiste \u00e0 une joute o\u00f9 chacun se souvient d\u2019un d\u00e9tail qui aide \u00e0 retrouver l\u2019\u00e9volution de l\u2019\u00e9cole.<\/em><em><\/em><\/p>\n\n\n\n<p>Un deuxi\u00e8me chapiteau est achet\u00e9 qui voit l\u2019arriv\u00e9e de Jos\u00e9, le fr\u00e8re de Gu\u00e9rino dans l\u2019\u00e9quipe comme enseignant polyvalent. Le succ\u00e8s est l\u00e0 et le cirque cherche \u00e0 agrandir l\u2019\u00e9quipe. La mission locale propose Ingrid, une jeune femme qui avait fait des \u00e9tudes de commerce international et un pass\u00e9 de gymnaste, de voltige \u00e0 cheval plus exactement. Elle est re\u00e7ue en entretien. Son profil colle compl\u00e8tement au poste d\u2019autant qu\u2019Ingrid s\u2019exclame&nbsp;:<\/p>\n\n\n\n<p>&nbsp;&nbsp;&nbsp;&nbsp;&nbsp;&nbsp;&nbsp;&nbsp; \u2013&nbsp;J\u2019adore les \u00e9quilibres sur les mains&#8230;<\/p>\n\n\n\n<p>&nbsp;&nbsp;&nbsp;&nbsp;&nbsp;&nbsp;&nbsp;&nbsp; \u2013&nbsp;Tu fais partie de notre famille\u2009!<\/p>\n\n\n\n<h3 class=\"wp-block-heading\"><a>Une \u00e9quipe solide et talentueuse<\/a><\/h3>\n\n\n\n<p>Apr\u00e8s cette premi\u00e8re embauche, l\u2019\u00e9quipe s\u2019\u00e9toffera d\u2019ann\u00e9e en ann\u00e9e.<\/p>\n\n\n\n<p>Bien plus tard, alors que Gu\u00e9rino avait d\u00e9j\u00e0 un mi-temps \u00e0 la retraite, remplac\u00e9 alors par Julien, il se cassa le pied en montant accrocher une corde.<\/p>\n\n\n\n<p>Il prit alors sa retraite compl\u00e8te mais cela ne l\u2019emp\u00eachait pas de toujours s\u2019investir dans l\u2019\u00e9cole\u2009! C\u2019est Julien qui r\u00e9cup\u00e9ra le mi-temps.<\/p>\n\n\n\n<p>Encore plus tard, Jos\u00e9 tombe d\u2019un arbre o\u00f9 il \u00e9tait grimp\u00e9 chercher un essaim d\u2019abeilles.<\/p>\n\n\n\n<p>Sa fracture du bassin l\u2019oblige \u00e0 arr\u00eater et il prend sa retraite m\u00e9rit\u00e9e. C\u2019est Louis qui prend sa suite mais il ne reste pas et apr\u00e8s 18 mois, c\u2019est Caroline qui entre en piste.<\/p>\n\n\n\n<p>Puis ce fut le tour de Anne de tirer sa r\u00e9v\u00e9rence.<\/p>\n\n\n\n<p>Aujourd\u2019hui l\u2019\u00e9quipe de l\u2019\u00e9cole se compose de Ingrid, Sacha, Julien et Caroline et de \u00c9ric Villatte, un parent d\u2019\u00e9l\u00e8ve tr\u00e8s engag\u00e9 devenu Pr\u00e9sident.<\/p>\n\n\n\n<p>L\u2019\u00e9cole s\u2019est install\u00e9e dans un nouveau lieu, avec un superbe chapiteau, confortable et beaucoup plus grand. Dans l\u2019ancien, lorsqu\u2019il pleuvait une vingtaine de serpill\u00e8res entraient en action.<\/p>\n\n\n\n<p>Mais quittons Bourges pour retourner aux sources, l\u00e0 o\u00f9 l\u2019histoire commence pour les deux h\u00e9ros de notre histoire.<\/p>\n\n\n\n<p>Anne, la plus jeune du couple voulait \u00eatre infirmi\u00e8re ou couturi\u00e8re, impressionn\u00e9e par le costume de sa marraine&#8230; d\u00e9j\u00e0\u2009!<\/p>\n\n\n\n<p>Gu\u00e9rino, quant \u00e0 lui, c\u2019\u00e9tait simple&nbsp;: il voulait \u00eatre le plus fort, un champion de la force.<\/p>\n\n\n\n<p>Ils ne sont pas pass\u00e9s loin de leurs r\u00eaves de gosse, ils les ont juste transcend\u00e9s pour devenir artistes de cirque, loin de leur univers familial respectif<\/p>\n\n\n\n<figure class=\"wp-block-image size-large\"><img decoding=\"async\" src=\"http:\/\/ecrire-coach.biographe-valeriejean.fr\/wp-content\/uploads\/2021\/02\/18-Les-Victoria-1982-811x1024.jpg\" alt=\"\" class=\"wp-image-2402\"\/><\/figure>\n\n\n\n<p>Pour la suite de l&rsquo;histoire o\u00f9 nous revenons aux sources, \u00e0 l&rsquo;enfance de Gu\u00e9rino et la jeunesse de Anne et surtout de leurs aventures comme artistes de cirque, artisans du chapiteau allez  <strong>\u00e0 :<\/strong><\/p>\n\n\n\n<blockquote class=\"wp-embedded-content\" data-secret=\"vWUESQl2x1\"><a href=\"https:\/\/www.biographe-valeriejean.fr\/le-cercle-de-paillette-et-de-sciure-biographie\/\">Le cercle de paillettes et de sciure &#8211; Biographie &#8211;<\/a><\/blockquote><iframe loading=\"lazy\" class=\"wp-embedded-content\" sandbox=\"allow-scripts\" security=\"restricted\" style=\"position: absolute; clip: rect(1px, 1px, 1px, 1px);\" title=\"\u00ab\u00a0Le cercle de paillettes et de sciure &#8211; Biographie &#8211;\u00a0\u00bb &#8212; Biographe Val\u00e9rie Jean\" src=\"https:\/\/www.biographe-valeriejean.fr\/le-cercle-de-paillette-et-de-sciure-biographie\/embed\/#?secret=HaqT0fVs6Z#?secret=vWUESQl2x1\" data-secret=\"vWUESQl2x1\" width=\"474\" height=\"267\" frameborder=\"0\" marginwidth=\"0\" marginheight=\"0\" scrolling=\"no\"><\/iframe>\n\n\n\n<figure class=\"wp-block-image size-large is-resized\"><img loading=\"lazy\" decoding=\"async\" src=\"http:\/\/ecrire-coach.biographe-valeriejean.fr\/wp-content\/uploads\/2021\/02\/illus-droits-auteur-N-1024x760-1.png\" alt=\"\" class=\"wp-image-2376\" width=\"110\" height=\"82\"\/><\/figure>\n","protected":false},"excerpt":{"rendered":"<p>Une belle biographie \u00e0 quatre crayons ! Ceux de Anne et Gu\u00e9rino, accompagn\u00e9s de Val\u00e9rie Jean, Biographe qui a plong\u00e9 au coeur de l&rsquo;univers circassien pour l&rsquo;\u00e9crire. Une rencontre de talents et de coeurs pour ce couple d&rsquo;artistes circassiens qui ont toute une vie p\u00e9r\u00e9grin\u00e9 \u00e0 travers l&rsquo;Europe et le monde pour offrir du r\u00eave &hellip; <a href=\"https:\/\/ecrire-coach.biographe-valeriejean.fr\/?p=2396\" class=\"more-link\">Continuer la lecture de <span class=\"screen-reader-text\">le cercle de paillettes et de sciure<\/span>  <span class=\"meta-nav\">&rarr;<\/span><\/a><\/p>\n","protected":false},"author":1,"featured_media":2397,"comment_status":"open","ping_status":"open","sticky":false,"template":"","format":"aside","meta":{"footnotes":""},"categories":[2],"tags":[],"class_list":["post-2396","post","type-post","status-publish","format-aside","has-post-thumbnail","hentry","category-les-biographies-realisees","post_format-post-format-aside"],"aioseo_notices":[],"jetpack_featured_media_url":"","_links":{"self":[{"href":"https:\/\/ecrire-coach.biographe-valeriejean.fr\/index.php?rest_route=\/wp\/v2\/posts\/2396","targetHints":{"allow":["GET"]}}],"collection":[{"href":"https:\/\/ecrire-coach.biographe-valeriejean.fr\/index.php?rest_route=\/wp\/v2\/posts"}],"about":[{"href":"https:\/\/ecrire-coach.biographe-valeriejean.fr\/index.php?rest_route=\/wp\/v2\/types\/post"}],"author":[{"embeddable":true,"href":"https:\/\/ecrire-coach.biographe-valeriejean.fr\/index.php?rest_route=\/wp\/v2\/users\/1"}],"replies":[{"embeddable":true,"href":"https:\/\/ecrire-coach.biographe-valeriejean.fr\/index.php?rest_route=%2Fwp%2Fv2%2Fcomments&post=2396"}],"version-history":[{"count":0,"href":"https:\/\/ecrire-coach.biographe-valeriejean.fr\/index.php?rest_route=\/wp\/v2\/posts\/2396\/revisions"}],"wp:featuredmedia":[{"embeddable":true,"href":"https:\/\/ecrire-coach.biographe-valeriejean.fr\/index.php?rest_route=\/"}],"wp:attachment":[{"href":"https:\/\/ecrire-coach.biographe-valeriejean.fr\/index.php?rest_route=%2Fwp%2Fv2%2Fmedia&parent=2396"}],"wp:term":[{"taxonomy":"category","embeddable":true,"href":"https:\/\/ecrire-coach.biographe-valeriejean.fr\/index.php?rest_route=%2Fwp%2Fv2%2Fcategories&post=2396"},{"taxonomy":"post_tag","embeddable":true,"href":"https:\/\/ecrire-coach.biographe-valeriejean.fr\/index.php?rest_route=%2Fwp%2Fv2%2Ftags&post=2396"}],"curies":[{"name":"wp","href":"https:\/\/api.w.org\/{rel}","templated":true}]}}