{"id":2410,"date":"2021-02-17T16:59:51","date_gmt":"2021-02-17T15:59:51","guid":{"rendered":"http:\/\/ecrire-coach.biographe-valeriejean.fr\/?p=2410"},"modified":"2021-02-17T16:59:51","modified_gmt":"2021-02-17T15:59:51","slug":"le-meilleur-reste-a-venir","status":"publish","type":"post","link":"https:\/\/ecrire-coach.biographe-valeriejean.fr\/?p=2410","title":{"rendered":"Le meilleur reste \u00e0 venir"},"content":{"rendered":"\n<p>Une biographie de  Guy Lavo accompagn\u00e9 de Val\u00e9rie Jean<\/p>\n\n\n\n<figure class=\"wp-block-image size-large\"><img decoding=\"async\" src=\"http:\/\/ecrire-coach.biographe-valeriejean.fr\/wp-content\/uploads\/2021\/02\/LAVO-Guy-jpg-.jpg\" alt=\"\" class=\"wp-image-2411\"\/><figcaption>L&rsquo;illustration en pastel de la couverture a \u00e9t\u00e9 r\u00e9alis\u00e9e par Guy Lavo<\/figcaption><\/figure>\n\n\n\n<p>EXTRAITS DU LIVRE<\/p>\n\n\n\n<h2 class=\"wp-block-heading\">Epilogue<\/h2>\n\n\n\n<h2 class=\"wp-block-heading\"><a>Une page se tourne<\/a><\/h2>\n\n\n\n<p>Mon parcours est certainement atypique. Mes emb\u00fbches n\u2019ont pas \u00e9t\u00e9 insurmontables. Elles m\u2019ont lim\u00e9, \u00e9rod\u00e9 et ont dissout ma carapace. La patience et la pers\u00e9v\u00e9rance sont les grandes le\u00e7ons que la vie m\u2019a apprises.<\/p>\n\n\n\n<p>Chaque difficult\u00e9 rencontr\u00e9e \u00e9tait suivie d\u2019une embellie. Les lendemains des jours noirs, des solutions m\u2019\u00e9taient offertes.<\/p>\n\n\n\n<!--more-->\n\n\n\n<p><\/p>\n\n\n\n<p>Je crois dans mes anges gardiens et je les remercie, humblement, du fond du c\u0153ur de leurs bienfaits. Papa est l\u2019un d\u2019eux, je le sens proche et toujours pr\u00eat \u00e0 me dispenser ses conseils.<\/p>\n\n\n\n<p>Chacun doit suivre sa route, mais les poteaux indicateurs sont rares. Il faut avancer en respectant son \u00e2me, et son prochain.<\/p>\n\n\n\n<p>J\u2019ai fait mienne la citation&nbsp;:<\/p>\n\n\n\n<p>\u00ab\u2009<em>La parole vaut l\u2019homme<\/em> <em>ou<\/em> <em>l\u2019homme ne vaut rien<\/em>\u2009\u00bb.<\/p>\n\n\n\n<p>Aujourd\u2019hui, la parole n\u2019a plus la m\u00eame valeur. Seuls, les \u00e9crits permettent de marquer sa place dans la jungle humaine. Pouvoir se regarder dans la glace et y voir le reflet de sa conscience sans noirceur est primordial. Nous ne devons pas avoir honte de nos actes, il faut savoir les assumer. Ce sont nos erreurs qui nous font avancer. &nbsp;<\/p>\n\n\n\n<p>J\u2019ai eu la chance de rencontrer une femme extraordinaire. Elle m\u2019a permis d\u2019\u00eatre meilleur. D\u00e8s lors, les probl\u00e8mes qui s\u2019accumulaient sur mon chemin tel des montagnes infranchissables, se sont aplanis.<\/p>\n\n\n\n<p>La m\u00e9chancet\u00e9 des hommes n\u2019a plus eu de prise sur moi. Notre bonheur est chaque jour \u00e9gal. Mon souhait est qu\u2019il dure encore de tr\u00e8s nombreuses ann\u00e9es.<\/p>\n\n\n\n<p>Je ne suis et n\u2019ai jamais \u00e9t\u00e9 un homme d\u2019argent. Celui-ci est le nerf de la guerre, le moyen de faire aboutir des projets. Mon parcours est une suite de d\u2019\u00e9checs et de r\u00e9ussites qui r\u00e9sument que l\u2019action et l\u2019avenir pr\u00e9vaut sur l\u2019accumulation malsaine et l\u2019immobilit\u00e9 st\u00e9rile.<\/p>\n\n\n\n<p>En guise de postface, je rajouterai que j\u2019ai tu beaucoup de choses car je ne veux pas r\u00e9veiller de vieux d\u00e9mons qui sauraient sans doute troubler les eaux paisibles du lac qu\u2019est ma vie d\u00e9sormais.<\/p>\n\n\n\n<p>J\u2019ai choisi d\u2019\u00e9vacuer les mauvais souvenirs pour mieux vivre, pour ne pas salir la m\u00e9moire pour qui que ce fut.<\/p>\n\n\n\n<p>Je n\u2019ai qu\u2019un souhait, de continuer \u00e0 vivre mes passions et partager bonheur et complicit\u00e9 avec mes enfants, mes petits-enfants et Isabelle.<\/p>\n\n\n\n<p>Et le meilleur reste \u00e0 venir\u2026<\/p>\n\n\n\n<p>Si vous souhaitez entrer dans le livre de Guy LAVO,qui d\u00e9voile ses nombreuses inventions <strong>suivre ce lien<\/strong><\/p>\n\n\n\n<blockquote class=\"wp-embedded-content\" data-secret=\"h3kGOdTv4A\"><a href=\"https:\/\/www.biographe-valeriejean.fr\/et-le-meilleur-reste-a-venir\/\">Et le meilleur reste \u00e0 venir<\/a><\/blockquote><iframe loading=\"lazy\" class=\"wp-embedded-content\" sandbox=\"allow-scripts\" security=\"restricted\" style=\"position: absolute; clip: rect(1px, 1px, 1px, 1px);\" title=\"\u00ab\u00a0Et le meilleur reste \u00e0 venir\u00a0\u00bb &#8212; Biographe Val\u00e9rie Jean\" src=\"https:\/\/www.biographe-valeriejean.fr\/et-le-meilleur-reste-a-venir\/embed\/#?secret=Yzn21dL4XW#?secret=h3kGOdTv4A\" data-secret=\"h3kGOdTv4A\" width=\"474\" height=\"267\" frameborder=\"0\" marginwidth=\"0\" marginheight=\"0\" scrolling=\"no\"><\/iframe>\n\n\n\n<figure class=\"wp-block-image size-large is-resized\"><img loading=\"lazy\" decoding=\"async\" src=\"http:\/\/ecrire-coach.biographe-valeriejean.fr\/wp-content\/uploads\/2021\/02\/20-1er-prix-Euroward.png\" alt=\"\" class=\"wp-image-2414\" width=\"336\" height=\"400\"\/><figcaption>Prix Eurowards pour la cration de CELLUBIO<\/figcaption><\/figure>\n","protected":false},"excerpt":{"rendered":"<p>Une biographie de Guy Lavo accompagn\u00e9 de Val\u00e9rie Jean EXTRAITS DU LIVRE Epilogue Une page se tourne Mon parcours est certainement atypique. Mes emb\u00fbches n\u2019ont pas \u00e9t\u00e9 insurmontables. Elles m\u2019ont lim\u00e9, \u00e9rod\u00e9 et ont dissout ma carapace. La patience et la pers\u00e9v\u00e9rance sont les grandes le\u00e7ons que la vie m\u2019a apprises. Chaque difficult\u00e9 rencontr\u00e9e \u00e9tait &hellip; <a href=\"https:\/\/ecrire-coach.biographe-valeriejean.fr\/?p=2410\" class=\"more-link\">Continuer la lecture de <span class=\"screen-reader-text\">Le meilleur reste \u00e0 venir<\/span>  <span class=\"meta-nav\">&rarr;<\/span><\/a><\/p>\n","protected":false},"author":1,"featured_media":2411,"comment_status":"open","ping_status":"open","sticky":false,"template":"","format":"aside","meta":{"footnotes":""},"categories":[2],"tags":[],"class_list":["post-2410","post","type-post","status-publish","format-aside","has-post-thumbnail","hentry","category-les-biographies-realisees","post_format-post-format-aside"],"aioseo_notices":[],"jetpack_featured_media_url":"","_links":{"self":[{"href":"https:\/\/ecrire-coach.biographe-valeriejean.fr\/index.php?rest_route=\/wp\/v2\/posts\/2410","targetHints":{"allow":["GET"]}}],"collection":[{"href":"https:\/\/ecrire-coach.biographe-valeriejean.fr\/index.php?rest_route=\/wp\/v2\/posts"}],"about":[{"href":"https:\/\/ecrire-coach.biographe-valeriejean.fr\/index.php?rest_route=\/wp\/v2\/types\/post"}],"author":[{"embeddable":true,"href":"https:\/\/ecrire-coach.biographe-valeriejean.fr\/index.php?rest_route=\/wp\/v2\/users\/1"}],"replies":[{"embeddable":true,"href":"https:\/\/ecrire-coach.biographe-valeriejean.fr\/index.php?rest_route=%2Fwp%2Fv2%2Fcomments&post=2410"}],"version-history":[{"count":0,"href":"https:\/\/ecrire-coach.biographe-valeriejean.fr\/index.php?rest_route=\/wp\/v2\/posts\/2410\/revisions"}],"wp:featuredmedia":[{"embeddable":true,"href":"https:\/\/ecrire-coach.biographe-valeriejean.fr\/index.php?rest_route=\/"}],"wp:attachment":[{"href":"https:\/\/ecrire-coach.biographe-valeriejean.fr\/index.php?rest_route=%2Fwp%2Fv2%2Fmedia&parent=2410"}],"wp:term":[{"taxonomy":"category","embeddable":true,"href":"https:\/\/ecrire-coach.biographe-valeriejean.fr\/index.php?rest_route=%2Fwp%2Fv2%2Fcategories&post=2410"},{"taxonomy":"post_tag","embeddable":true,"href":"https:\/\/ecrire-coach.biographe-valeriejean.fr\/index.php?rest_route=%2Fwp%2Fv2%2Ftags&post=2410"}],"curies":[{"name":"wp","href":"https:\/\/api.w.org\/{rel}","templated":true}]}}