{"id":2433,"date":"2021-02-20T18:26:42","date_gmt":"2021-02-20T17:26:42","guid":{"rendered":"http:\/\/ecrire-coach.biographe-valeriejean.fr\/?p=2433"},"modified":"2021-02-20T18:26:42","modified_gmt":"2021-02-20T17:26:42","slug":"et-si-on-parlait-de-votre-projet-professionnel","status":"publish","type":"post","link":"https:\/\/ecrire-coach.biographe-valeriejean.fr\/?p=2433","title":{"rendered":"Et si on parlait de votre projet professionnel &#8230;"},"content":{"rendered":"\n<h2 class=\"wp-block-heading\"><strong>Mon projet de professionnalisation<\/strong><\/h2>\n\n\n\n<p>Quel que soit le projet, il faut l\u2019identifier, le d\u00e9finir et en cerner les contours par des r\u00e9ponses pr\u00e9cises qui permettent de le concr\u00e9tiser. R\u00e9pondre \u00e0 des questions qui qualifie votre projet est un moyen de le faire avancer quel qu\u2019il soit.Ces questions ne sont pas exhaustives et rien n\u2019emp\u00eache d\u2019en formuler d\u2019autres.<\/p>\n\n\n\n<h3 class=\"wp-block-heading\">PROJET DE FORMATION<\/h3>\n\n\n\n<figure class=\"wp-block-table\"><table><tbody><tr><td>Quelles qualifications je veux obtenir<\/td><td>&nbsp;<\/td><\/tr><tr><td>A partir de quelles exp\u00e9riences<\/td><td>&nbsp;<\/td><\/tr><tr><td>Vers quelles connaissances (savoirs)<\/td><td>&nbsp;<\/td><\/tr><tr><td>Vers quelles comp\u00e9tences (savoir-faire)<\/td><td>&nbsp;<\/td><\/tr><tr><td>Vers quelles qualit\u00e9s relationnelles (savoir-\u00eatre)<\/td><td>&nbsp;<\/td><\/tr><tr><td>Pour quels projets que je peux \u00e9valuer (savoir devenir)<\/td><td>&nbsp;<\/td><\/tr><tr><td>Quelles en sont les \u00e9tapes Quelles en sont les \u00e9ch\u00e9ances<\/td><td>&nbsp;<\/td><\/tr><tr><td>Associ\u00e9 avec quels partenaires Avec quels contrats Quelles sont mes ressources (r\u00e9seaux-budget-Outils) &nbsp;<\/td><td>&nbsp;<\/td><\/tr><\/tbody><\/table><\/figure>\n\n\n\n<h3 class=\"wp-block-heading\">PROJET PROFESSIONNEL<\/h3>\n\n\n\n<figure class=\"wp-block-table\"><table><tbody><tr><td>Quel m\u00e9tier&nbsp; je veux faire<\/td><\/tr><tr><td>Dans quel secteur th\u00e9matique Dans quel secteur g\u00e9ographique Pour quels types d\u2019entreprises<\/td><\/tr><tr><td>J\u2019aimerais quelles missions J\u2019aimerais quelles fonctions A quel salaire Annuel<\/td><\/tr><tr><td>Quelles strat\u00e9gies je mets en place<\/td><\/tr><tr><td>A quelle \u00e9ch\u00e9ance je pense exercer<\/td><\/tr><tr><td>Sous quel statut je veux exercer<\/td><\/tr><tr><td>Ce que je refuse<\/td><\/tr><tr><td>Ce dont je r\u00eave<\/td><\/tr><\/tbody><\/table><\/figure>\n\n\n\n<p>Quand on veut s\u2019orienter ou se r\u00e9orienter, on a tendance \u00e0 projeter une image positive du m\u00e9tier que l\u2019on veut exercer d\u00e9barrass\u00e9 des caract\u00e9ristiques concr\u00e8tes du m\u00e9tier. Voil\u00e0 un r\u00e9f\u00e9rentiel pour se poser les bonnes questions au pr\u00e9alable.<\/p>\n\n\n\n<p>Le r\u00e9f\u00e9rentiel m\u00e9tier<\/p>\n\n\n\n<p>1\/ Appellation pr\u00e9cise du M\u00e9tier<\/p>\n\n\n\n<p>2\/D\u00e9finition<\/p>\n\n\n\n<p>3\/Conditions d\u2019exercice<\/p>\n\n\n\n<p>O\u00f9-Comment-Avec qui-Pour Qui<\/p>\n\n\n\n<p>4\/Formation et exp\u00e9rience<\/p>\n\n\n\n<p>Dipl\u00f4me-Qualification<\/p>\n\n\n\n<p>5\/ Comp\u00e9tences&nbsp;:<\/p>\n\n\n\n<p>Etre capable de<\/p>\n\n\n\n<p>Mon niveau<\/p>\n\n\n\n<p>Etablir la grille des savoirs&nbsp;&nbsp; :<\/p>\n\n\n\n<figure class=\"wp-block-table\"><table><tbody><tr><td>SAVOIR<\/td><td>SAVOIR DEVENIR (se projeter)<\/td><\/tr><tr><td>SAVOIR FAIRE<\/td><td>SAVOIR \u00caTRE<\/td><\/tr><\/tbody><\/table><\/figure>\n\n\n\n<p>6\/ R\u00e9mun\u00e9ration<\/p>\n\n\n\n<p>7\/ Motivation<\/p>\n\n\n\n<p>Pourquoi&nbsp;?<\/p>\n\n\n\n<p><\/p>\n","protected":false},"excerpt":{"rendered":"<p>Mon projet de professionnalisation Quel que soit le projet, il faut l\u2019identifier, le d\u00e9finir et en cerner les contours par des r\u00e9ponses pr\u00e9cises qui permettent de le concr\u00e9tiser. R\u00e9pondre \u00e0 des questions qui qualifie votre projet est un moyen de le faire avancer quel qu\u2019il soit.Ces questions ne sont pas exhaustives et rien n\u2019emp\u00eache d\u2019en &hellip; <a href=\"https:\/\/ecrire-coach.biographe-valeriejean.fr\/?p=2433\" class=\"more-link\">Continuer la lecture de <span class=\"screen-reader-text\">Et si on parlait de votre projet professionnel &#8230;<\/span>  <span class=\"meta-nav\">&rarr;<\/span><\/a><\/p>\n","protected":false},"author":1,"featured_media":2368,"comment_status":"open","ping_status":"open","sticky":false,"template":"","format":"aside","meta":{"footnotes":""},"categories":[3],"tags":[],"class_list":["post-2433","post","type-post","status-publish","format-aside","has-post-thumbnail","hentry","category-boite-a-outils","post_format-post-format-aside"],"aioseo_notices":[],"jetpack_featured_media_url":"","_links":{"self":[{"href":"https:\/\/ecrire-coach.biographe-valeriejean.fr\/index.php?rest_route=\/wp\/v2\/posts\/2433","targetHints":{"allow":["GET"]}}],"collection":[{"href":"https:\/\/ecrire-coach.biographe-valeriejean.fr\/index.php?rest_route=\/wp\/v2\/posts"}],"about":[{"href":"https:\/\/ecrire-coach.biographe-valeriejean.fr\/index.php?rest_route=\/wp\/v2\/types\/post"}],"author":[{"embeddable":true,"href":"https:\/\/ecrire-coach.biographe-valeriejean.fr\/index.php?rest_route=\/wp\/v2\/users\/1"}],"replies":[{"embeddable":true,"href":"https:\/\/ecrire-coach.biographe-valeriejean.fr\/index.php?rest_route=%2Fwp%2Fv2%2Fcomments&post=2433"}],"version-history":[{"count":0,"href":"https:\/\/ecrire-coach.biographe-valeriejean.fr\/index.php?rest_route=\/wp\/v2\/posts\/2433\/revisions"}],"wp:featuredmedia":[{"embeddable":true,"href":"https:\/\/ecrire-coach.biographe-valeriejean.fr\/index.php?rest_route=\/"}],"wp:attachment":[{"href":"https:\/\/ecrire-coach.biographe-valeriejean.fr\/index.php?rest_route=%2Fwp%2Fv2%2Fmedia&parent=2433"}],"wp:term":[{"taxonomy":"category","embeddable":true,"href":"https:\/\/ecrire-coach.biographe-valeriejean.fr\/index.php?rest_route=%2Fwp%2Fv2%2Fcategories&post=2433"},{"taxonomy":"post_tag","embeddable":true,"href":"https:\/\/ecrire-coach.biographe-valeriejean.fr\/index.php?rest_route=%2Fwp%2Fv2%2Ftags&post=2433"}],"curies":[{"name":"wp","href":"https:\/\/api.w.org\/{rel}","templated":true}]}}