{"id":2750,"date":"2023-09-04T08:45:10","date_gmt":"2023-09-04T07:45:10","guid":{"rendered":"https:\/\/ecrire-coach.biographe-valeriejean.fr\/?p=2750"},"modified":"2023-09-04T08:45:10","modified_gmt":"2023-09-04T07:45:10","slug":"on-a-tous-droit-a-lamour","status":"publish","type":"post","link":"https:\/\/ecrire-coach.biographe-valeriejean.fr\/?p=2750","title":{"rendered":"On a tous droit \u00e0 l&rsquo;amour"},"content":{"rendered":"\n<h2 class=\"wp-block-heading\">R\u00e9cit de vie<\/h2>\n\n\n\n<p>Accompagnement \u00e0 l&rsquo;\u00e9criture <a href=\"https:\/\/www.biographe-valeriejean.fr\/\" target=\"_blank\" rel=\"noopener\" title=\"Valerie Jean Biographe\">Valerie Jean Biographe<\/a><\/p>\n\n\n\n<figure class=\"wp-block-image size-large is-resized\"><a href=\"https:\/\/ecrire-coach.biographe-valeriejean.fr\/wp-content\/uploads\/2023\/09\/Monique-COUFOURIER.jpg\"><img loading=\"lazy\" decoding=\"async\" src=\"https:\/\/ecrire-coach.biographe-valeriejean.fr\/wp-content\/uploads\/2023\/09\/Monique-COUFOURIER-732x1024.jpg\" alt=\"\" class=\"wp-image-2751\" width=\"623\" height=\"871\"\/><\/a><figcaption class=\"wp-element-caption\">Illustration : Nathalie Richard<\/figcaption><\/figure>\n\n\n\n<p>Monique Lacaille-Coufourier, fait le <a href=\"https:\/\/www.biographe-valeriejean.fr\/recit-vie-pages.html\" target=\"_blank\" rel=\"noopener\" title=\"r\u00e9cit\">r\u00e9cit<\/a> de son enfance. Confi\u00e9e \u00e0 la DASS, 15 jours apr\u00e8s sa naissance, elle ne retrouvera jamais ni le foyer parental ni le partage d\u2019une vie avec ses fr\u00e8res et s\u0153urs de sang. Appuy\u00e9s par documents et des t\u00e9moignages, elle d\u00e9voile ici les souvenirs qui lui restent de cette vie d\u2019esclave violent\u00e9e par deux de ses nourrices.<\/p>\n\n\n\n<h3 class=\"wp-block-heading\">Extraits du livre \u00ab\u00a0on a tous droit \u00e0 l&rsquo;amour\u00a0\u00bb<\/h3>\n\n\n\n<p><em>Ma libert\u00e9 acquise, enfin, je me suis donn\u00e9 le droit d\u2019\u00e9crire mon histoire. D\u2019abord pour moi, pour d\u00e9poser les mots de cette m\u00e9moire douloureuse, pleine d\u2019interrogations, de doutes et de culpabilit\u00e9&#8230; Tourner la page, c\u2019est ce que je me souhaite et avec l\u2019\u00e9criture de ce livre, je sais que je vais y parvenir. Raconter les circonstances de ma naissance m\u2019a permis de suivre le fil d\u2019une histoire occult\u00e9e, d\u00e9coup\u00e9e dont je red\u00e9couvre les acteurs comme une pi\u00e8ce de th\u00e9\u00e2tre oubli\u00e9e.<\/em><\/p>\n\n\n\n<h2 class=\"wp-block-heading\"><a>Des enfants de passage, des voisins compatissants<\/a><\/h2>\n\n\n\n<p>Comme je l\u2019ai dit, dans cette famille de nombreux autres enfants de la DDASS sont pass\u00e9s.<\/p>\n\n\n\n<p>Ma m\u00e8re nourrici\u00e8re ne disait-elle pas \u00e0 ses amis et devant moi&nbsp;:<\/p>\n\n\n\n<ul class=\"wp-block-list\">\n<li>J\u2019avais des enfants de la DDASS pour m\u2019offrir ma maison\u2026<\/li>\n<\/ul>\n\n\n\n<p>Vers mes 8 ans, deux fillettes en bas \u00e2ge sont arriv\u00e9es dans la famille.<\/p>\n\n\n\n<p>Ines et Melinda. Cette derni\u00e8re \u00e9tait une vraie sauvageonne. Je me souviens qu\u2019elle d\u00e9terrait les l\u00e9gumes du potager et les mangeait. Elle faisait \u00e9norm\u00e9ment de b\u00eatises et elle demandait une surveillance constante sauf que c\u2019est \u00e0 moi que revenait ce r\u00f4le ingrat\u2009!<\/p>\n\n\n\n<p>Une fois elle avait bu de l\u2019anisette berger pure, ce qui bien s\u00fbr eut pour r\u00e9sultat d&rsquo;\u00eatre ivre\u2026 elle s\u2019accrochait aux rideaux et je voyais le moment o\u00f9 la tringle casserait\u2026 heureusement, ce jour-l\u00e0 Damien m\u2019a sauv\u00e9 la mise. Il lui a fait boire du caf\u00e9 et l\u2019a couch\u00e9e.<\/p>\n\n\n\n<p>La fois o\u00f9 elle avait bu dans une barrique de cidre entrepos\u00e9e dans la cave, c\u2019est moi qui avais d\u00e9rouill\u00e9\u2009!<\/p>\n\n\n\n<p>Ma m\u00e8re m\u2019obligeait \u00e0 les garder et outre le fait qu\u2019elle me tenait pour responsable des d\u00e9g\u00e2ts qu\u2019elle causait, je ne pouvais m\u2019\u00e9chapper et profiter de l\u2019absence de ma m\u00e8re nourrici\u00e8re pour aller jouer avec mes copines.<\/p>\n\n\n\n<p>Tous les jours, j\u2019avais l\u2019habitude de prendre les cl\u00e9s de la porte du garage que je refermais derri\u00e8re moi en partant et que je repla\u00e7ais dans la bo\u00eete aux lettres. Ce jour-l\u00e0, ma nourrice m\u2019avait demand\u00e9 de garder les cl\u00e9s, car elle s\u2019\u00e9tait absent\u00e9e.<\/p>\n\n\n\n<p>Malencontreusement, par habitude, j\u2019ai remis les cl\u00e9s dans la bo\u00eete aux lettres\u2009! La panique me prit\u2026 comment faire\u2009?<\/p>\n\n\n\n<p>Je demandai alors \u00e0 Jacquot un voisin de m\u2019aider. Il a essay\u00e9 pendant longtemps de r\u00e9cup\u00e9rer les cl\u00e9s avec un fil de fer\u2026 le temps passait et je ne pensais qu\u2019\u00e0 une chose&nbsp;: la d\u00e9rouill\u00e9e que je me prendrai quand la nourrice rentrera.<\/p>\n\n\n\n<p>Mon ange veillait et enfin Jacquot r\u00e9ussit \u00e0 sortir la cl\u00e9 de la bo\u00eete aux lettres. Ouf, j\u2019\u00e9tais soulag\u00e9e et en r\u00e9compense, je lui ai fait un gros boujou\u2009!<\/p>\n\n\n\n<h2 class=\"wp-block-heading\"><a>Les colos de l\u2019\u00e9t\u00e9<\/a><\/h2>\n\n\n\n<p>R\u00e9guli\u00e8rement chaque \u00e9t\u00e9 je partais en colonie de vacances, en montagne.<\/p>\n\n\n\n<p>Dans mon souvenir, on faisait beaucoup de marches dans des endroits pas toujours s\u00e9curis\u00e9s, je me souviens d\u2019un jour o\u00f9 un des enfants \u00e9tait tomb\u00e9 dans le ravin\u2026<\/p>\n\n\n\n<p>Quant \u00e0 moi, \u00e9gale \u00e0 moi-m\u00eame, habitu\u00e9e \u00e0 ne jamais me plaindre, j\u2019\u00e9tais partie en randonn\u00e9e alors que j\u2019avais des mycoses entre les doigts de pieds. Cela me grattait terriblement d\u2019autant qu\u2019on portait de grosses chaussettes de laine dans de gros brodequins.<\/p>\n\n\n\n<p>Tr\u00e8s vite les mycoses se sont enflamm\u00e9es pour devenir des v\u00e9ritables plaies ouvertes&nbsp;: je souffrais beaucoup et la nuit je pleurais en silence jusqu\u2019au moment o\u00f9 la copine avec qui je dormais alerte les animateurs.<\/p>\n\n\n\n<p>Quand ils ont constat\u00e9 les d\u00e9g\u00e2ts, ils m\u2019ont envoy\u00e9 chez le m\u00e9decin d\u00e8s le lendemain qui m\u2019a prescrit des bains de pied au permanganate.<\/p>\n\n\n\n<p>J\u2019\u00e9tais au milieu du pr\u00e9, assise les pieds dans une bassine \u00e0 attendre l\u2019effet cicatrisant du produit. Quand j\u2019ai retir\u00e9 mes pieds, je me suis affol\u00e9e de voir mes pieds bleus, pleurant de rester comme \u00e7a&nbsp;! Les animateurs m\u2019ont rassur\u00e9e m\u2019expliquant qu\u2019avec un lavage tout rentrerait dans l\u2019ordre&nbsp;!<\/p>\n\n\n\n<p>Les jours suivants, je n\u2019avais plus \u00e0 marcher et j\u2019accompagnais les animateurs dans la jeep\u2026Sur le sentier qui grimpait, je faisais coucou aux copines qui souffraient sous le soleil. Et le soir je ne dormais plus dans le dortoir mais \u00e0 l\u2019infirmerie.<\/p>\n\n\n\n<p>Ces privil\u00e8ges valaient bien une petite souffrance, non&nbsp;!<\/p>\n\n\n\n<p>Cette ann\u00e9e-l\u00e0, \u00e0 la fin de la colonie, ma nourrice avait tard\u00e9 \u00e0 venir me chercher. Je disais alors aux animateurs\u00a0: <\/p>\n\n\n\n<p>Ce n\u2019est pas grave, placez-moi ailleurs\u00a0!<\/p>\n\n\n\n<p>Pour acc\u00e9der \u00e0 d&rsquo;autres extraits de ce <a href=\"https:\/\/www.biographe-valeriejean.fr\/ecrivain-prive-negre-litteraire.html\" target=\"_blank\" rel=\"noopener\" title=\"r\u00e9cit de vie\">r\u00e9cit de vie<\/a>:<\/p>\n\n\n\n<pre class=\"wp-block-code\"><code><a href=\"https:\/\/www.biographe-valeriejean.fr\/on-a-tous-droit-a-lamour\/\" title=\"\">https:\/\/www.biographe-valeriejean.fr\/on-a-tous-droit-a-lamour\/<\/a><\/code><\/pre>\n\n\n\n<p><\/p>\n","protected":false},"excerpt":{"rendered":"<p>R\u00e9cit de vie Accompagnement \u00e0 l&rsquo;\u00e9criture Valerie Jean Biographe Monique Lacaille-Coufourier, fait le r\u00e9cit de son enfance. Confi\u00e9e \u00e0 la DASS, 15 jours apr\u00e8s sa naissance, elle ne retrouvera jamais ni le foyer parental ni le partage d\u2019une vie avec ses fr\u00e8res et s\u0153urs de sang. Appuy\u00e9s par documents et des t\u00e9moignages, elle d\u00e9voile ici &hellip; <a href=\"https:\/\/ecrire-coach.biographe-valeriejean.fr\/?p=2750\" class=\"more-link\">Continuer la lecture de <span class=\"screen-reader-text\">On a tous droit \u00e0 l&rsquo;amour<\/span>  <span class=\"meta-nav\">&rarr;<\/span><\/a><\/p>\n","protected":false},"author":1,"featured_media":0,"comment_status":"open","ping_status":"open","sticky":false,"template":"","format":"aside","meta":{"footnotes":""},"categories":[2],"tags":[],"class_list":["post-2750","post","type-post","status-publish","format-aside","hentry","category-les-biographies-realisees","post_format-post-format-aside"],"aioseo_notices":[],"jetpack_featured_media_url":"","_links":{"self":[{"href":"https:\/\/ecrire-coach.biographe-valeriejean.fr\/index.php?rest_route=\/wp\/v2\/posts\/2750","targetHints":{"allow":["GET"]}}],"collection":[{"href":"https:\/\/ecrire-coach.biographe-valeriejean.fr\/index.php?rest_route=\/wp\/v2\/posts"}],"about":[{"href":"https:\/\/ecrire-coach.biographe-valeriejean.fr\/index.php?rest_route=\/wp\/v2\/types\/post"}],"author":[{"embeddable":true,"href":"https:\/\/ecrire-coach.biographe-valeriejean.fr\/index.php?rest_route=\/wp\/v2\/users\/1"}],"replies":[{"embeddable":true,"href":"https:\/\/ecrire-coach.biographe-valeriejean.fr\/index.php?rest_route=%2Fwp%2Fv2%2Fcomments&post=2750"}],"version-history":[{"count":0,"href":"https:\/\/ecrire-coach.biographe-valeriejean.fr\/index.php?rest_route=\/wp\/v2\/posts\/2750\/revisions"}],"wp:attachment":[{"href":"https:\/\/ecrire-coach.biographe-valeriejean.fr\/index.php?rest_route=%2Fwp%2Fv2%2Fmedia&parent=2750"}],"wp:term":[{"taxonomy":"category","embeddable":true,"href":"https:\/\/ecrire-coach.biographe-valeriejean.fr\/index.php?rest_route=%2Fwp%2Fv2%2Fcategories&post=2750"},{"taxonomy":"post_tag","embeddable":true,"href":"https:\/\/ecrire-coach.biographe-valeriejean.fr\/index.php?rest_route=%2Fwp%2Fv2%2Ftags&post=2750"}],"curies":[{"name":"wp","href":"https:\/\/api.w.org\/{rel}","templated":true}]}}