{"id":2792,"date":"2024-03-29T16:43:40","date_gmt":"2024-03-29T15:43:40","guid":{"rendered":"https:\/\/ecrire-coach.biographe-valeriejean.fr\/?p=2792"},"modified":"2024-03-30T12:05:23","modified_gmt":"2024-03-30T11:05:23","slug":"notre-vie-en-mosaiques","status":"publish","type":"post","link":"https:\/\/ecrire-coach.biographe-valeriejean.fr\/?p=2792","title":{"rendered":"Notre vie en mosa\u00efques"},"content":{"rendered":"\n<p>Une biographie r\u00e9alis\u00e9e par <a href=\"http:\/\/biographe-valeriejean.fr\" title=\"\">Val\u00e9rie jean Biographe<\/a><\/p>\n\n\n\n<figure class=\"wp-block-image size-large is-resized\"><img loading=\"lazy\" decoding=\"async\" width=\"708\" height=\"1024\" src=\"https:\/\/ecrire-coach.biographe-valeriejean.fr\/wp-content\/uploads\/2024\/03\/Valerie-Jean-biographe-708x1024.jpeg\" alt=\"\" class=\"wp-image-2793\" style=\"width:504px;height:auto\" srcset=\"https:\/\/ecrire-coach.biographe-valeriejean.fr\/wp-content\/uploads\/2024\/03\/Valerie-Jean-biographe-708x1024.jpeg 708w, https:\/\/ecrire-coach.biographe-valeriejean.fr\/wp-content\/uploads\/2024\/03\/Valerie-Jean-biographe-207x300.jpeg 207w, https:\/\/ecrire-coach.biographe-valeriejean.fr\/wp-content\/uploads\/2024\/03\/Valerie-Jean-biographe-768x1112.jpeg 768w, https:\/\/ecrire-coach.biographe-valeriejean.fr\/wp-content\/uploads\/2024\/03\/Valerie-Jean-biographe-1061x1536.jpeg 1061w, https:\/\/ecrire-coach.biographe-valeriejean.fr\/wp-content\/uploads\/2024\/03\/Valerie-Jean-biographe.jpeg 1415w\" sizes=\"auto, (max-width: 708px) 100vw, 708px\" \/><\/figure>\n\n\n\n<h2 class=\"wp-block-heading\">R\u00e9sum\u00e9<\/h2>\n\n\n\n<p>Ange et Marie Claude tous deux natifs de Tunis, issus de famille sicilienne et franco-sicilienne ont v\u00e9cu le basculement de l\u2019histoire avec la fin du protectorat fran\u00e7ais de Tunisie par la France. Malgr\u00e9 les blessures de cet arrachement, leur parcours est celui de ceux qui ont su s\u2019adapter sans cesse par le travail, s\u2019int\u00e9grer par des prises de responsabilit\u00e9s tout en gardant leur identit\u00e9 m\u00e9diterran\u00e9enne empreinte de chaleur et d\u2019hospitalit\u00e9.<\/p>\n\n\n\n<h2 class=\"wp-block-heading\">Extraits<\/h2>\n\n\n\n<h3 class=\"wp-block-heading\">Le contexte<\/h3>\n\n\n\n<p>Au XIXe si\u00e8cle l\u00e0-bas, la mis\u00e8re s\u00e9vissait car l\u2019\u00e9glise et de riches propri\u00e9taires avaient accapar\u00e9 la majorit\u00e9 des terres sans qu\u2019il soit possible de les acqu\u00e9rir ou de les louer. La vie n\u2019\u00e9tait qu\u2019une servitude f\u00e9odale pour les pauvres gens r\u00e9duits \u00e0 l\u2019esclavage. Il existait quelques entreprises, mais pour y \u00eatre employ\u00e9 il fallait \u00eatre recommand\u00e9 par un notable souvent inf\u00e9od\u00e9 au syst\u00e8me mafieux ou aid\u00e9 d\u2019une puissante famille.<\/p>\n\n\n\n<p>C\u2019est ainsi que les plus d\u00e9munis partaient, tentant leur chance ailleurs, vers la France, l\u2019Italie, les \u00c9tats-Unis pour ceux qui avaient un peu d\u2019\u00e9conomie et en Tunisie pour les plus pauvres, l\u2019Afrique \u00e9tant \u00e0 port\u00e9e de rame\u2026<\/p>\n\n\n\n<p>C\u2019est ainsi que s\u2019exil\u00e8rent nos a\u00efeux.<\/p>\n\n\n\n<p>Avec Marie et Jacques, leurs enfants, ils se retrouvent un matin, entass\u00e9s dans une barque avec d\u2019autres migrants moyennant quelques lires leur passage vers la Tunisie.Les rumeurs disaient que l\u2019on pouvait trouver du travail facilement l\u00e0-bas et surtout, ce n\u2019\u00e9tait pas \u00e9loign\u00e9 de leur \u00eele natale.<\/p>\n\n\n\n<p>\u00c0 peine d\u00e9barqu\u00e9s, un bureau d\u2019accueil est charg\u00e9 d\u2019orienter tous les migrants qui arrivaient en masse, de Sicile, mais aussi de France, d\u2019Espagne et de Malte.<\/p>\n\n\n\n<p>Vincent n\u2019avait pas de m\u00e9tier \u00e0 proprement parler, et pour commencer sa nouvelle vie, il se mit \u00e0 travailler la journ\u00e9e dans une ferme. Mais comme beaucoup de Siciliens, il savait jouer de la guitare, ce qui l\u2019am\u00e8ne \u00e0 se produire le soir dans un bar o\u00f9 des hommes fatigu\u00e9s de leur labeur sont heureux d\u2019\u00e9couter de la musique. Cela lui arrive aussi de louer ses talents pour quelques sous en jouant la s\u00e9r\u00e9nade sous un balcon\u2009!<\/p>\n\n\n\n<p>\u00c0 force d\u2019opini\u00e2tret\u00e9, le couple se trouve une modeste maisonnette et coule des jours heureux. Mais la soci\u00e9t\u00e9 n\u2019est pas encore \u00e0 l\u2019amour libre et les amoureux doivent r\u00e9gulariser leur situation\u2026 si un autre enfant venait \u00e0 venir\u2009! Le mariage a lieu \u00e0 la cath\u00e9drale Saint Vincent de Paul de Tunis.<\/p>\n\n\n\n<h3 class=\"wp-block-heading\">Un anc\u00eatre prestigieux<\/h3>\n\n\n\n<p>Le soir c\u2019\u00e9tait la veill\u00e9e et le moment pour les parents de raconter les anecdotes familiales. Ainsi ma grand-m\u00e8re a \u00e9cout\u00e9 de nombreuses fois son p\u00e8re raconter l\u2019histoire de son neveu Vincent BELLINI, musicien devenu c\u00e9l\u00e8bre \u00e0 Paris.<\/p>\n\n\n\n<p>Son p\u00e8re, modeste organiste, travaillait au consulat royal de Naples. Il avait pr\u00e9sent\u00e9 son fils compositeur au roi de Naples qui \u00e0 son tour, trouvant ce jeune tr\u00e8s dou\u00e9, le poussa \u00e0 composer pour la Scala de Milan et l\u2019invita \u00e0 la cour de Napol\u00e9on&nbsp;III. N\u00e9 \u00e0 Catania lui aussi, il est mort jeune d\u2019une dysenterie, laissant malgr\u00e9 sa courte carri\u00e8re des op\u00e9ras&nbsp;parmi les plus jou\u00e9s du&nbsp;r\u00e9pertoire lyrique.<\/p>\n\n\n\n<p>L\u2019amour de la musique est une r\u00e9alit\u00e9 familiale, d\u2019ailleurs Vincent, mon arri\u00e8re-grand-p\u00e8re a offert une guitare couverte de nacre et d\u00e9cor\u00e9e de perles fines \u00e0 Catherine avec le d\u00e9sir qu\u2019elle anime les longues veill\u00e9es entre amis.<\/p>\n\n\n\n<h3 class=\"wp-block-heading\">La temp\u00eate guerri\u00e8re de 1914<\/h3>\n\n\n\n<p>Militaire souvent en d\u00e9placement, Alphonse \u00e9tait souvent absent. C\u2019est pourquoi Bettina avait choisi de vivre dans la maison de Catherine pour ne pas rester seule.<\/p>\n\n\n\n<p>Le 3 ao\u00fbt 1914, l\u2019Allemagne d\u00e9clare la guerre \u00e0 la France, d\u00e9j\u00e0 mobilis\u00e9e.<\/p>\n\n\n\n<p>La Tunisie est alors encore sous protectorat fran\u00e7ais et selon les termes du trait\u00e9 du Bardo, le ministre de la guerre se trouve \u00eatre un g\u00e9n\u00e9ral fran\u00e7ais. Le bey qui r\u00e9gente la Tunisie accepte de signer la mobilisation et bien qu\u2019officiellement il reste neutre au conflit, il appelle les Tunisiens \u00e0 venir en aide \u00e0 la France.<\/p>\n\n\n\n<p>Alphonse qui est fran\u00e7ais, appartenant \u00e0 l\u2019arm\u00e9e d\u2019Afrique doit suivre son r\u00e9giment qui part sur le front. Il a le c\u0153ur lourd alors que Bettina attend leur deuxi\u00e8me enfant&nbsp;: Suzanne qui a les yeux bleus de son papa, na\u00eet en son absence. Ce n\u2019est qu\u2019un an apr\u00e8s sa naissance qu\u2019elle conna\u00eet son p\u00e8re, au retour d\u2019une permission. Mais au bout de trois mois, Alphonse doit repartir, quittant de nouveau Bettina enceinte d\u2019un troisi\u00e8me enfant&nbsp;: Marie Jos\u00e9phine qu\u2019il ne verra que quelques semaines.<\/p>\n\n\n\n<p>En effet, revenu malade, tr\u00e8s amaigri et affaibli, il ne surv\u00e9cut pas au r\u00e9gime impitoyable du front et mourut \u00e0 l\u2019h\u00f4pital.Veuve de guerre, Bettina re\u00e7ut une rente du consulat de France. Quant \u00e0 Catherine, elle finit par vendre sa boutique de chapeaux apr\u00e8s la terrible guerre qui ravagea l\u2019Europe. Les m\u0153urs et la soci\u00e9t\u00e9 avaient beaucoup \u00e9volu\u00e9 et les chapeaux n\u2019\u00e9taient plus en vogue.La m\u00e8re et la fille se serr\u00e8rent les coudes pour subsister gr\u00e2ce \u00e0 des petits travaux de couture et diverses t\u00e2ches chez les particuliers.<\/p>\n\n\n\n<h3 class=\"wp-block-heading\">Le moyen \u00e2ge sicilien<\/h3>\n\n\n\n<p>Mon grand-p\u00e8re paternel n\u00e9 \u00e0 Patti en Sicile est issu d\u2019une grande famille industrielle qui fabriquait des poteries et des assiettes\u2009; elle \u00e9tait \u00e9galement propri\u00e9taire d\u2019\u00e9piceries.<\/p>\n\n\n\n<p>C\u2019\u00e9tait donc une famille de notables dominante puisqu\u2019en Sicile \u00e0 cette \u00e9poque, cela se passait comme \u00e7a. Les riches avaient l\u2019argent et la terre et s\u2019\u00e9taient accapar\u00e9 le pouvoir. D\u2019ailleurs Sauveur, mon p\u00e8re, m\u2019a racont\u00e9 ce souvenir significatif illustrant cette domination sociale qui est rest\u00e9 dans la m\u00e9moire familiale.<\/p>\n\n\n\n<p>Encore enfant, il jouait sur la place de Patti avec son costume marin ray\u00e9 quand un homme l\u2019a bouscul\u00e9 lui disant<\/p>\n\n\n\n<ul class=\"wp-block-list\">\n<li>Va jouer ailleurs\u2009!<\/li>\n<\/ul>\n\n\n\n<p>Sauveur est alors parti chercher son oncle qui sans aucune h\u00e9sitation est venu avec sa canne au pommeau d\u2019or, interpellant l\u2019homme&nbsp;:<\/p>\n\n\n\n<ul class=\"wp-block-list\">\n<li>Venez ici\u2009! Qu\u2019avez-vous dit \u00e0 mon neveu\u2009?<\/li>\n\n\n\n<li>Je lui ai dit d\u2019aller jouer ailleurs r\u00e9pondit l\u2019homme.<\/li>\n\n\n\n<li>Vous n\u2019avez pas \u00e0 dire cela \u00e0 mon neveu\u2026 donc vous allez vous mettre \u00e0 genoux et dire pardon \u00e0 mon neveu.<\/li>\n<\/ul>\n\n\n\n<p>Et l\u2019homme s\u2019est ex\u00e9cut\u00e9 sans demander son reste\u2009! Cette anecdote montre bien le climat social qui r\u00e9gnait \u00e0 l\u2019\u00e9poque en Sicile.<\/p>\n\n\n\n<p>Mais revenons \u00e0 la vie du fils de cette famille de notables. Il est tomb\u00e9 amoureux de ma grand-m\u00e8re Maria, native de l\u2019\u00eele de Favignana, qui avait \u00e9t\u00e9 employ\u00e9e comme couturi\u00e8re, venue vraisemblablement travailler \u00e0 Patti au service de la famille Leone.<\/p>\n\n\n\n<p>Ils ne sont bien s\u00fbr pas du m\u00eame milieu et la famille voit d\u2019un mauvais \u0153il cette liaison. Mais ils s\u2019aiment et trois enfants naitront de leurs amours et pour \u00e9chapper au poids de la famille, ils d\u00e9cident de s\u2019exiler en Tunisie.<\/p>\n\n\n\n<p>Thindaro \u00e9tait un artiste, tr\u00e8s raffin\u00e9, il avait appris la musique, ce qui lui permettait le soir de jouer du piano dans un bar. Pendant la journ\u00e9e, il \u00e9tait sculpteur \u00e9b\u00e9niste. Mais en Tunisie, il se sentait limit\u00e9 et son ambition lui commandait de partir vers des horizons plus prometteurs. Sa s\u0153ur, Sarina ayant \u00e9pous\u00e9 un Am\u00e9ricain, \u00e9tait d\u00e9j\u00e0 install\u00e9e \u00e0 New York.  Thindaro souhaita lui aussi s\u2019exiler aux \u00c9tats-Unis, mais avant de partir, il voulut revoir sa famille en Sicile, ne sachant pas s\u2019il les reverrait un jour.<\/p>\n\n\n\n<p>Maria, Thindaro et leurs enfants rejoignirent Patti. \u00c0 peine arriv\u00e9s, les autorit\u00e9s l\u2019enr\u00f4l\u00e8rent dans l\u2019arm\u00e9e et l\u2019envoy\u00e8rent au front\u2026 malgr\u00e9 ses trois enfants. Sa femme, qui n\u2019\u00e9tait pas l\u00e9gitim\u00e9e par la famille, a re\u00e7u la permission de rester dans la maison Leone, mais comme employ\u00e9e et non comme belle-fille ; ses enfants comme elle devaient manger \u00e0 la cuisine.<\/p>\n\n\n\n<p>Elle accepta la situation tant que Thindaro \u00e9tait \u00e0 la guerre&nbsp;; ils s\u2019\u00e9crivaient r\u00e9guli\u00e8rement. Quand, au bout d\u2019un certain temps, les lettres cess\u00e8rent de lui parvenir, elle a compris qu\u2019il ne reviendrait plus.<\/p>\n\n\n\n<p>La disparition de son mari l\u2019a rendue folle et elle a tent\u00e9 de se suicider. Ne pouvant plus supporter de rester dans cette famille qui ne l\u2019acceptait pas, Maria pr\u00e9f\u00e9ra retourner en Tunisie et se d\u00e9brouiller seule avec ses enfants. La pr\u00e9carit\u00e9 l\u2019engagea \u00e0 placer son fils Sauveur dans un orphelinat, Il n\u2019avait que 6 ans.La discipline \u00e9tait tr\u00e8s s\u00e9v\u00e8re, calqu\u00e9 sur l\u2019ordre militaire. On faisait mettre les enfants en rang avec de faux fusils en bois comme \u00e0 l\u2019arm\u00e9e. Ils \u00e9taient si mal nourris qu\u2019un jour, Sauveur est all\u00e9 aux cuisines pour voler un saucisson&nbsp;; il a \u00e9t\u00e9 pris et en punition il a \u00e9t\u00e9 enferm\u00e9 dans un cagibi avec des rats.<\/p>\n\n\n\n<figure class=\"wp-block-image size-large is-resized\"><img loading=\"lazy\" decoding=\"async\" width=\"1024\" height=\"791\" src=\"https:\/\/ecrire-coach.biographe-valeriejean.fr\/wp-content\/uploads\/2024\/03\/1918-Pensionnat-militaire-1024x791.jpg\" alt=\"\" class=\"wp-image-2794\" style=\"width:600px;height:auto\" srcset=\"https:\/\/ecrire-coach.biographe-valeriejean.fr\/wp-content\/uploads\/2024\/03\/1918-Pensionnat-militaire-1024x791.jpg 1024w, https:\/\/ecrire-coach.biographe-valeriejean.fr\/wp-content\/uploads\/2024\/03\/1918-Pensionnat-militaire-300x232.jpg 300w, https:\/\/ecrire-coach.biographe-valeriejean.fr\/wp-content\/uploads\/2024\/03\/1918-Pensionnat-militaire-768x593.jpg 768w, https:\/\/ecrire-coach.biographe-valeriejean.fr\/wp-content\/uploads\/2024\/03\/1918-Pensionnat-militaire-1536x1187.jpg 1536w, https:\/\/ecrire-coach.biographe-valeriejean.fr\/wp-content\/uploads\/2024\/03\/1918-Pensionnat-militaire-2048x1583.jpg 2048w\" sizes=\"auto, (max-width: 1024px) 100vw, 1024px\" \/><\/figure>\n\n\n\n<p><\/p>\n","protected":false},"excerpt":{"rendered":"<p>Une biographie r\u00e9alis\u00e9e par Val\u00e9rie jean Biographe R\u00e9sum\u00e9 Ange et Marie Claude tous deux natifs de Tunis, issus de famille sicilienne et franco-sicilienne ont v\u00e9cu le basculement de l\u2019histoire avec la fin du protectorat fran\u00e7ais de Tunisie par la France. Malgr\u00e9 les blessures de cet arrachement, leur parcours est celui de ceux qui ont su &hellip; <a href=\"https:\/\/ecrire-coach.biographe-valeriejean.fr\/?p=2792\" class=\"more-link\">Continuer la lecture de <span class=\"screen-reader-text\">Notre vie en mosa\u00efques<\/span>  <span class=\"meta-nav\">&rarr;<\/span><\/a><\/p>\n","protected":false},"author":1,"featured_media":0,"comment_status":"open","ping_status":"open","sticky":false,"template":"","format":"standard","meta":{"footnotes":""},"categories":[2],"tags":[],"class_list":["post-2792","post","type-post","status-publish","format-standard","hentry","category-les-biographies-realisees"],"aioseo_notices":[],"jetpack_featured_media_url":"","_links":{"self":[{"href":"https:\/\/ecrire-coach.biographe-valeriejean.fr\/index.php?rest_route=\/wp\/v2\/posts\/2792","targetHints":{"allow":["GET"]}}],"collection":[{"href":"https:\/\/ecrire-coach.biographe-valeriejean.fr\/index.php?rest_route=\/wp\/v2\/posts"}],"about":[{"href":"https:\/\/ecrire-coach.biographe-valeriejean.fr\/index.php?rest_route=\/wp\/v2\/types\/post"}],"author":[{"embeddable":true,"href":"https:\/\/ecrire-coach.biographe-valeriejean.fr\/index.php?rest_route=\/wp\/v2\/users\/1"}],"replies":[{"embeddable":true,"href":"https:\/\/ecrire-coach.biographe-valeriejean.fr\/index.php?rest_route=%2Fwp%2Fv2%2Fcomments&post=2792"}],"version-history":[{"count":2,"href":"https:\/\/ecrire-coach.biographe-valeriejean.fr\/index.php?rest_route=\/wp\/v2\/posts\/2792\/revisions"}],"predecessor-version":[{"id":2797,"href":"https:\/\/ecrire-coach.biographe-valeriejean.fr\/index.php?rest_route=\/wp\/v2\/posts\/2792\/revisions\/2797"}],"wp:attachment":[{"href":"https:\/\/ecrire-coach.biographe-valeriejean.fr\/index.php?rest_route=%2Fwp%2Fv2%2Fmedia&parent=2792"}],"wp:term":[{"taxonomy":"category","embeddable":true,"href":"https:\/\/ecrire-coach.biographe-valeriejean.fr\/index.php?rest_route=%2Fwp%2Fv2%2Fcategories&post=2792"},{"taxonomy":"post_tag","embeddable":true,"href":"https:\/\/ecrire-coach.biographe-valeriejean.fr\/index.php?rest_route=%2Fwp%2Fv2%2Ftags&post=2792"}],"curies":[{"name":"wp","href":"https:\/\/api.w.org\/{rel}","templated":true}]}}