{"id":304,"date":"2013-06-10T18:33:15","date_gmt":"2013-06-10T16:33:15","guid":{"rendered":"http:\/\/ecrire-coach.biographe-valeriejean.fr?p=304"},"modified":"2013-06-10T18:33:15","modified_gmt":"2013-06-10T16:33:15","slug":"les-arbres-de-ma-vie","status":"publish","type":"post","link":"https:\/\/ecrire-coach.biographe-valeriejean.fr\/?p=304","title":{"rendered":"Les arbres de ma vie"},"content":{"rendered":"<h1>Extrait de mon autobiographie encyclop\u00e9dique<\/h1>\n<h2>Le mot ARBRE<\/h2>\n<p style=\"text-align: justify;\">C\u2019est le premier mot que je note dans la premi\u00e8re colonne quand je joue au baccalaur\u00e9at avec les enfants. Je gagne \u00e0 tous les coups et ils r\u00e2lent \u00e0 tous les coups, de ne jamais finir avant moi malgr\u00e9 l\u2019avance que je leur laisse\u00a0!<br \/>\nJ\u2019adore les arbres.<!--more--><br \/>\nPeut \u00eatre est-ce le souvenir de ces balades en for\u00eat de <a href=\"_wp_link_placeholder\" data-wplink-edit=\"true\">Fontainebleau<\/a> que je faisais avec mes parents et plus tard avec mes enfants\u2026<br \/>\nEn tout cas, cette for\u00eat est une des choses que je regrette de ma r\u00e9gion natale.<\/p>\n<p style=\"text-align: justify;\">La premi\u00e8re grosse\u00a0 temp\u00eate qui s\u2019abattit sur la France pendant \u00e0 No\u00ebl 1999,\u00a0alors que nous \u00e9tions en\u00a0 Ecosse, me laisse un souvenir amer quand, \u00e0 notre retour, nous avons travers\u00e9 un paysage d\u00e9vast\u00e9. J\u2019ai pendant quelques ann\u00e9es d\u2019ailleurs vers\u00e9 mon \u00e9cot \u00e0 la fondation arbres et jardins, qui avait entrepris de sauver des jardins et des\u00a0 for\u00eats.<br \/>\nDepuis ce drame, les propri\u00e9taires des maisons autour de chez nous, ont pris l\u2019habitude d\u2019\u00e9laguer leurs arbres et d\u2019abattre leurs pins. On devrait plut\u00f4t parler de massacre tellement les arbres ne ressemblent plus qu\u2019\u00e0 des troncs aux moignons trop courts pour s\u2019appeler encore arbre. A chaque balade aux alentours, je r\u00e2le contre ces tron\u00e7onneurs du dimanche. Je ne pense pas, un jour, m\u2019habituer\u00a0 \u00e0 ne plus pouvoir admirer la pl\u00e9nitude d\u2019un arbre, par\u00e9 de sa majestueuse beaut\u00e9.<\/p>\n<p style=\"text-align: justify;\">Quand je suis partie en Angleterre, j\u2019ai \u00e9t\u00e9 saisie par la magnificence des arbres dans les jardins publics ou les parcs. Nulle part ailleurs j\u2019ai retrouv\u00e9 ce sens esth\u00e9tique paysager fait \u00e0 la fois de\u00a0 libert\u00e9 soign\u00e9e et de respect de la nature. Je me suis amus\u00e9e de lire des panneaux de circulation accroch\u00e9s aux arbres sur les trottoirs \u00ab\u00a0Low trees (Arbre bas)\u00a0\u00bb \u00e0 Londres. Ils ne coupent pas les branches, mais pr\u00e9viennent les automobilistes que s\u2019ils empruntent cette voie il faut tenir compte de l\u2019arbre.<\/p>\n<p style=\"text-align: justify;\">Dans mon jardin, il y a des pins, des ch\u00eanes, un ch\u00eane vert, des chata\u00eegniers,\u00a0 des lauriers\u00a0cerises et un laurier sauce, des acacias qui se marient avec de magnifiques prunus, un sapin, trois bouleaux, un \u00e9pic\u00e9a, des pruniers qui n\u2019ont jamais donn\u00e9 de fruits et deux cerisiers qui nous offraient chaque ann\u00e9es quelques cerises am\u00e8res immangeables.<\/p>\n<h1><a href=\"http:\/\/ecrire-coach.biographe-valeriejean.fr\/wp-content\/uploads\/2013\/06\/Jardin.jpg\"><img loading=\"lazy\" decoding=\"async\" class=\"aligncenter size-medium wp-image-2743\" src=\"http:\/\/ecrire-coach.biographe-valeriejean.fr\/wp-content\/uploads\/2013\/06\/Jardin-300x225.jpg\" alt=\"\" width=\"300\" height=\"225\" \/><\/a><\/h1>\n<p style=\"text-align: justify;\">Apr\u00e8s quelques temps, nous avons plant\u00e9 deux cypr\u00e8s, un eucalyptus, un lilas et un olivier. J\u2019aime l\u2019eucalyptus\u00a0 avec le tronc qui se d\u00e9piote, laissant une \u00e9corce odorante rappelant les for\u00eats que j\u2019ai travers\u00e9es dans les calanques de Piana, en Corse. Le pauvre arbre que nous avons plant\u00e9 a subi un d\u00e9sagr\u00e9ment dont il ne s\u2019est jamais remis accusant d\u00e9sormais une courbure qui l\u2019emp\u00eache de s\u2019\u00e9lancer bien droit vers le ciel. C\u2019\u00e9tait un soir de solitude, lors d\u2019une des nombreuses crises qui traversent nos existences. J\u2019avais, comme je le fais dans ces moments l\u00e0, d\u00e9cid\u00e9 d\u2019oublier mon chagrin dans une bouteille d\u2019alcool fort. Ne buvant jamais d\u2019alcool, je ne mets jamais longtemps \u00e0 perdre ma lucidit\u00e9. Apr\u00e8s avoir donc ingurgit\u00e9 la dose n\u00e9cessaire \u00e0 mon endormissement c\u00e9r\u00e9bral, je suis sortie en nuisette dans le jardin et j\u2019ai enjamb\u00e9 le tronc encore jeune de l\u2019eucalyptus pliant le pauvre arbre sous mon poids. Nelson m\u2019a retrouv\u00e9 \u00e0 califourchon sur mon arbre. L\u2019arbre ne s\u2019est pas redress\u00e9 et il a fallu le tutorer s\u00e9v\u00e8rement !\u00a0Quant \u00e0 l\u2019olivier, c\u2019est une belle et douloureuse histoire.<\/p>\n<p style=\"text-align: justify;\">En 2003, au d\u00e9c\u00e8s de Pierre, mes amis et parents cherchaient un cadeau d\u2019Adieu \u00e0 Pierre. Je leur ai propos\u00e9 de participer \u00e0 l\u2019achat d\u2019un olivier, arbre de paix par excellence, rattach\u00e9 \u00e0 l\u2019histoire de J\u00e9sus de surcro\u00eet. C\u2019est ainsi qu\u2019on acheta un olivier, choisi avec soin, qu\u2019un p\u00e9pini\u00e9riste a transplant\u00e9 dans notre jardin. Il est le gardien de la m\u00e9moire de Pierre, pr\u00e9sidant le coin de jardin,\u00a0 o\u00f9 des fleurs et des plantes, offertes en\u00a0 hommage \u00e0 mon fils, agr\u00e9mentent au fil des ann\u00e9es cet espace de souvenir. J\u2019ai appris pendant mon s\u00e9jour \u00e0 Londres, que traditionnellement, les familles juives plantaient un olivier, quand ils le pouvaient \u00e0 l\u2019entr\u00e9e de leurs demeures.<\/p>\n<p style=\"text-align: justify;\">De nombreux mimosas poussaient librement sur notre terrain, prenant de plus en plus leur aise, envahissant chaque ann\u00e9e davantage l&rsquo;espace. La solution a \u00e9t\u00e9 d&rsquo;am\u00e9nager un chalet qui depuis tr\u00f4ne en lieu et place des mimosas sauvages. Regrettant malgr\u00e9 tout la floraison odorante de ce magnifique arbre, nous en avons replant\u00e9 un, achet\u00e9 chez un paysagiste, en le pla\u00e7ant plus pr\u00e8s de la maison. Un hiver plus rigoureux qu&rsquo;\u00e0 l&rsquo;accoutum\u00e9e a ravag\u00e9 de son gel destructeur son feuillage cisel\u00e9 argent\u00e9 et il a fallu l&rsquo;\u00e9laguer fortement. Aujourd&rsquo;hui, il peine \u00e0 retrouver sa beaut\u00e9 d&rsquo;antan, alors je patiente&#8230;<\/p>\n<p><a href=\"http:\/\/ecrire-coach.biographe-valeriejean.fr\/wp-content\/uploads\/2013\/06\/Mimosa.jpg\"><img loading=\"lazy\" decoding=\"async\" class=\"aligncenter size-medium wp-image-2744\" src=\"http:\/\/ecrire-coach.biographe-valeriejean.fr\/wp-content\/uploads\/2013\/06\/Mimosa-300x225.jpg\" alt=\"\" width=\"300\" height=\"225\" \/><\/a><\/p>\n<p style=\"text-align: justify;\">Bien qu&rsquo;\u00e9tant amoureuse des grands espaces aust\u00e8res que j&rsquo;ai pu admirer au cours de certains de mes voyages comme le d\u00e9sert d&rsquo;Atacama, l&rsquo;Altiplano, la\u00a0 Sahara ou encore le plateau castillan, je ne peux envisager de vivre sans aucun arbre autour de moi. J&rsquo;ai besoin de cette connexion. Il offre toute l&rsquo;harmonie et la pl\u00e9nitude qui nous fait communier avec la nature.<\/p>\n<p style=\"text-align: justify;\"><a href=\"http:\/\/creativecommons.org\/licenses\/by-nc-nd\/2.0\/fr\/\" rel=\"license\"><img decoding=\"async\" style=\"border-width: 0;\" src=\"http:\/\/i.creativecommons.org\/l\/by-nc-nd\/2.0\/fr\/88x31.png\" alt=\"Licence Creative Commons\" \/><\/a><br \/>\nCe(tte) \u0153uvre est mise \u00e0 disposition selon les termes de la <a href=\"http:\/\/creativecommons.org\/licenses\/by-nc-nd\/2.0\/fr\/\" rel=\"license\">Licence Creative Commons Attribution &#8211; Pas d\u2019Utilisation Commerciale &#8211; Pas de Modification 2.0 France<\/a>.<\/p>\n","protected":false},"excerpt":{"rendered":"<p>Extrait de mon autobiographie encyclop\u00e9dique Le mot ARBRE C\u2019est le premier mot que je note dans la premi\u00e8re colonne quand je joue au baccalaur\u00e9at avec les enfants. Je gagne \u00e0 tous les coups et ils r\u00e2lent \u00e0 tous les coups, de ne jamais finir avant moi malgr\u00e9 l\u2019avance que je leur laisse\u00a0! J\u2019adore les arbres.<\/p>\n","protected":false},"author":1,"featured_media":0,"comment_status":"open","ping_status":"open","sticky":false,"template":"","format":"standard","meta":{"footnotes":""},"categories":[11],"tags":[19,24,28,101,119,150],"class_list":["post-304","post","type-post","status-publish","format-standard","hentry","category-mes-textes","tag-anecdote","tag-arbre","tag-autobiographie","tag-memoires","tag-prose","tag-valerie-jean"],"aioseo_notices":[],"jetpack_featured_media_url":"","_links":{"self":[{"href":"https:\/\/ecrire-coach.biographe-valeriejean.fr\/index.php?rest_route=\/wp\/v2\/posts\/304","targetHints":{"allow":["GET"]}}],"collection":[{"href":"https:\/\/ecrire-coach.biographe-valeriejean.fr\/index.php?rest_route=\/wp\/v2\/posts"}],"about":[{"href":"https:\/\/ecrire-coach.biographe-valeriejean.fr\/index.php?rest_route=\/wp\/v2\/types\/post"}],"author":[{"embeddable":true,"href":"https:\/\/ecrire-coach.biographe-valeriejean.fr\/index.php?rest_route=\/wp\/v2\/users\/1"}],"replies":[{"embeddable":true,"href":"https:\/\/ecrire-coach.biographe-valeriejean.fr\/index.php?rest_route=%2Fwp%2Fv2%2Fcomments&post=304"}],"version-history":[{"count":0,"href":"https:\/\/ecrire-coach.biographe-valeriejean.fr\/index.php?rest_route=\/wp\/v2\/posts\/304\/revisions"}],"wp:attachment":[{"href":"https:\/\/ecrire-coach.biographe-valeriejean.fr\/index.php?rest_route=%2Fwp%2Fv2%2Fmedia&parent=304"}],"wp:term":[{"taxonomy":"category","embeddable":true,"href":"https:\/\/ecrire-coach.biographe-valeriejean.fr\/index.php?rest_route=%2Fwp%2Fv2%2Fcategories&post=304"},{"taxonomy":"post_tag","embeddable":true,"href":"https:\/\/ecrire-coach.biographe-valeriejean.fr\/index.php?rest_route=%2Fwp%2Fv2%2Ftags&post=304"}],"curies":[{"name":"wp","href":"https:\/\/api.w.org\/{rel}","templated":true}]}}