{"id":345,"date":"2013-07-24T12:36:48","date_gmt":"2013-07-24T10:36:48","guid":{"rendered":"http:\/\/ecrire-coach.biographe-valeriejean.fr?p=345"},"modified":"2013-07-24T12:36:48","modified_gmt":"2013-07-24T10:36:48","slug":"lignes-de-mots-sur-la-ligne-3-du-metro","status":"publish","type":"post","link":"https:\/\/ecrire-coach.biographe-valeriejean.fr\/?p=345","title":{"rendered":"Lignes de mots sur la ligne 3 du m\u00e9tro"},"content":{"rendered":"<h1>Texte d&rsquo;Atelier d&rsquo;\u00e9criture<\/h1>\n<p style=\"text-align: center;\">\u00a0<a href=\"http:\/\/ecrire-coach.biographe-valeriejean.fr\/wp-content\/uploads\/2013\/07\/Liberte\u0301-egalite\u0301-fraternite\u0301blog.jpg\"><img loading=\"lazy\" decoding=\"async\" class=\"size-medium wp-image-350 aligncenter\" src=\"http:\/\/ecrire-coach.biographe-valeriejean.fr\/wp-content\/uploads\/2013\/07\/Liberte\u0301-egalite\u0301-fraternite\u0301blog-300x174.jpg\" alt=\"libert\u00e9 ,\u00e9galit\u00e9 ,fraternit\u00e9\" width=\"300\" height=\"174\" \/><\/a><\/p>\n<h1>Po\u00e8me inspir\u00e9 des stations du m\u00e9tro de Paris de la ligne 3<\/h1>\n<p>Le sentier de l\u2019oubli<br \/>\nCelui de ma m\u00e9moire enfouie<br \/>\nQuand l\u2019Europe s\u2019en fut en guerre<br \/>\nEt qu\u2019enfants du\u00a0 peuple de Peirere<!--more--><br \/>\nDurent combattre l\u2019ignominie<br \/>\nAlors que comme leurs p\u00e8res<br \/>\nLa France \u00e9tait devenue leur terre.<br \/>\nRed\u00e9couvrent la terreur \u00e0 l\u2019\u00e9vocation<br \/>\nD\u2019odieux carnages Wagram ou S\u00e9bastopole<br \/>\nPanth\u00e9ons d\u2019actes de destruction,<br \/>\nBrillants tels des coupoles<br \/>\nSous le regard des cieux.<br \/>\nQuelle rage de ne pas voir des Malesherbes<br \/>\nD\u00e9fendre les droits r\u00e9publicains<br \/>\nContre des propos acerbes<br \/>\nEntra\u00eenant les puissants dans une guerre sans fin.<br \/>\nDu pont de Levallois, en passant par \u00a0Champeret,<br \/>\nL\u2019odieuse raffle file jusqu\u2019\u00e0 Porte des Lilas.<br \/>\nPersonne n\u2019y croyait et pourtant ils sont l\u00e0<br \/>\nPourchassant, tuant, rempla\u00e7ant le couperet<br \/>\nQu\u2019apr\u00e8s la terreur la R\u00e9publique avait banni, enfin.<br \/>\nLes morts des\u00a0 champs de bataille,<br \/>\nles soldats inconnus tomb\u00e9s sous la mitraille<br \/>\nqu\u2019ont ne reconnaissaient plus,<br \/>\nne firent pas leur entr\u00e9e au P\u00e8re Lachaise<br \/>\ncomme\u00a0 ces enfants juifs dans les fours disparus<br \/>\nqu\u2019au sortir de la guerre provoque le malaise<br \/>\ndes vainqueurs et des vaincus.<br \/>\nMais en ce jour du 4 septembre<br \/>\nJe m\u2019en vais \u00e0 l\u2019Op\u00e9ra<br \/>\nTemple d\u2019o\u00f9 rena\u00eet les cendres<br \/>\nD\u2019une histoire qui s\u2019en va.<br \/>\nSur la sc\u00e8ne, par la musique transcend\u00e9e,<br \/>\nOn ne retient que les guerriers, les arbal\u00e8tes<br \/>\nLes Louise Michel et Gambetta sont oubli\u00e9s.<br \/>\nCar aujourd\u2019hui l\u2019amour et le sang font recette<br \/>\n<a href=\"http:\/\/www.biographe-valeriejean.fr\/biographie-familiale\/biographe-biographie.html\">Po\u00e8me \u00e9crit par Val\u00e9rie Jean<\/a><\/p>\n<p>&nbsp;<\/p>\n<p><strong><span style=\"color: #000080;\">Vous aussi Paris vous inspire, lancez vous, et laissez courir votre plume en toute libert\u00e9. Je lirai \u00e9galement avec plaisir vos commentaires<\/span> <\/strong><\/p>\n<p><a href=\"http:\/\/creativecommons.org\/licenses\/by-nc-nd\/2.0\/fr\/\" rel=\"license\"><img decoding=\"async\" style=\"border-width: 0;\" src=\"http:\/\/i.creativecommons.org\/l\/by-nc-nd\/2.0\/fr\/88x31.png\" alt=\"Licence Creative Commons\" \/><\/a><br \/>\nCe(tte) \u0153uvre est mise \u00e0 disposition selon les termes de la <a href=\"http:\/\/creativecommons.org\/licenses\/by-nc-nd\/2.0\/fr\/\" rel=\"license\">Licence Creative Commons Attribution &#8211; Pas d\u2019Utilisation Commerciale &#8211; Pas de Modification 2.0 France<\/a>.<\/p>\n","protected":false},"excerpt":{"rendered":"<p>Texte d&rsquo;Atelier d&rsquo;\u00e9criture \u00a0 Po\u00e8me inspir\u00e9 des stations du m\u00e9tro de Paris de la ligne 3 Le sentier de l\u2019oubli Celui de ma m\u00e9moire enfouie Quand l\u2019Europe s\u2019en fut en guerre Et qu\u2019enfants du\u00a0 peuple de Peirere<\/p>\n","protected":false},"author":1,"featured_media":0,"comment_status":"closed","ping_status":"closed","sticky":false,"template":"","format":"standard","meta":{"footnotes":""},"categories":[11],"tags":[27,86,105,113,114],"class_list":["post-345","post","type-post","status-publish","format-standard","hentry","category-mes-textes","tag-atelier-ecriture","tag-jeux-de-mots","tag-metro","tag-oulipo","tag-paris"],"aioseo_notices":[],"jetpack_featured_media_url":"","_links":{"self":[{"href":"https:\/\/ecrire-coach.biographe-valeriejean.fr\/index.php?rest_route=\/wp\/v2\/posts\/345","targetHints":{"allow":["GET"]}}],"collection":[{"href":"https:\/\/ecrire-coach.biographe-valeriejean.fr\/index.php?rest_route=\/wp\/v2\/posts"}],"about":[{"href":"https:\/\/ecrire-coach.biographe-valeriejean.fr\/index.php?rest_route=\/wp\/v2\/types\/post"}],"author":[{"embeddable":true,"href":"https:\/\/ecrire-coach.biographe-valeriejean.fr\/index.php?rest_route=\/wp\/v2\/users\/1"}],"replies":[{"embeddable":true,"href":"https:\/\/ecrire-coach.biographe-valeriejean.fr\/index.php?rest_route=%2Fwp%2Fv2%2Fcomments&post=345"}],"version-history":[{"count":0,"href":"https:\/\/ecrire-coach.biographe-valeriejean.fr\/index.php?rest_route=\/wp\/v2\/posts\/345\/revisions"}],"wp:attachment":[{"href":"https:\/\/ecrire-coach.biographe-valeriejean.fr\/index.php?rest_route=%2Fwp%2Fv2%2Fmedia&parent=345"}],"wp:term":[{"taxonomy":"category","embeddable":true,"href":"https:\/\/ecrire-coach.biographe-valeriejean.fr\/index.php?rest_route=%2Fwp%2Fv2%2Fcategories&post=345"},{"taxonomy":"post_tag","embeddable":true,"href":"https:\/\/ecrire-coach.biographe-valeriejean.fr\/index.php?rest_route=%2Fwp%2Fv2%2Ftags&post=345"}],"curies":[{"name":"wp","href":"https:\/\/api.w.org\/{rel}","templated":true}]}}