{"id":38,"date":"2012-11-14T18:51:09","date_gmt":"2012-11-14T16:51:09","guid":{"rendered":"http:\/\/ecrire-coach.biographe-valeriejean.fr2012\/11\/14\/couverture-la-porte-jebayi\/"},"modified":"2012-11-14T18:51:09","modified_gmt":"2012-11-14T16:51:09","slug":"couverture-la-porte-jebayi","status":"publish","type":"post","link":"https:\/\/ecrire-coach.biographe-valeriejean.fr\/?p=38","title":{"rendered":"Le livre de la biographie \u00ab\u00a0La porte\u00a0\u00bb"},"content":{"rendered":"<h1>Biographie \u00ab\u00a0la porte\u00a0\u00bb<\/h1>\n<p><a href=\"http:\/\/ecrire-coach.biographe-valeriejean.fr\/wp-content\/uploads\/2012\/11\/couv-jpndjock21.jpg\"><img loading=\"lazy\" decoding=\"async\" class=\"aligncenter size-medium wp-image-1056\" src=\"http:\/\/ecrire-coach.biographe-valeriejean.fr\/wp-content\/uploads\/2012\/11\/couv-jpndjock21-208x300.jpg\" alt=\"La porte\" width=\"208\" height=\"300\"><\/a><\/p>\n<p>Ce livre&nbsp; a \u00e9t\u00e9 r\u00e9alis\u00e9 \u00e0 partir de 26 heures d&rsquo;enregistrement de son auteur puis un travail de r\u00e9\u00e9criture et de r\u00e9adaptation pour en restructurer le r\u00e9cit afin de cr\u00e9er une histoire non chronologique r\u00e9servant le d\u00e9voilement du r\u00e9cit.<\/p>\n<p>La couverture a \u00e9t\u00e9 r\u00e9alis\u00e9e \u00e0 partir d&rsquo;une aquarelle originale de Nathalie Richard<\/p>\n<p>&#8211; natpaint@gmail.com-<\/p>\n<p class=\"MsoNormal\" style=\"text-align: justify;\"><strong>EXTRAITS DU LIVRE \u00ab\u00a0LA PORTE\u00a0\u00bb<br \/>\n<\/strong><!--more--><\/p>\n<p style=\"text-align: justify;\">Mes premi\u00e8res ann\u00e9es d&rsquo;\u00e9cole sont marqu\u00e9es par l&rsquo;attachement excessif qu&rsquo;avait ma m\u00e8re pour moi, sans doute bless\u00e9e au plus profond de sa chair d&rsquo;avoir failli me perdre. Cela s&rsquo;est traduit par son omnipr\u00e9sence \u00e0 l&rsquo;\u00e9cole maternelle que je fr\u00e9quentais. Je la revois encore accroch\u00e9e au barreau de la grille qui me regardait et qui \u00e9piait le moindre de mes gestes. Elle n&rsquo;h\u00e9sitait pas \u00e0 apostropher les \u00e9l\u00e8ves qui se permettaient de me prendre un crayon ou qui m&#8217;emb\u00eatait par des :<br \/>\n\u00ab Ne fais pas \u00e7a, chut, ne touche pas ! \u00bb<br \/>\nCela dura quelques semaines jusqu&rsquo;\u00e0 ce que la directrice la pria d&rsquo;arr\u00eater. Mais cela ne suffit pas, il a fallu aussi fermer les portes de l&rsquo;\u00e9cole pour emp\u00eacher ma m\u00e8re de venir me chercher bien avant l\u2019heure ! Je pense que c&rsquo;est \u00e0 cette p\u00e9riode que s\u2019est cristallis\u00e9e notre relation fusionnelle&#8230;<br \/>\n&#8230;<br \/>\nIl habitait un quartier r\u00e9sidentiel o\u00f9 beaucoup d\u2019expatri\u00e9s, apr\u00e8s avoir r\u00e9ussi \u00e0 l\u2019\u00e9tranger, \u00e9rigent de superbes villas \u00e0 leur retour dans le pays.<br \/>\nCelle de mon oncle \u00e9tait \u00e9norme, au milieu d\u2019un magnifique jardin, prot\u00e9g\u00e9 par un portail \u00e9lectrique et un interphone. Je n\u2019avais jamais vu \u00e7a, cela me paraissait incroyable. Mais l\u2019\u00e9motion la plus grande fut quand je vis l\u2019hibiscus. Moi qui n\u2019avais jamais vu de fleurs auparavant, j\u2019\u00e9tais boulvers\u00e9 par sa beaut\u00e9.<br \/>\nC\u2019est aussi l\u00e0 que j\u2019ai vu mon premier arbre: un goyavier.<br \/>\nLe changement de vie pour nous \u00e9tait radical. D\u00e9sormais, nous pouvions aller \u00e0 l\u2019\u00e9cole en voiture, et pas n\u2019importe laquelle! Une de ces grosses berlines ou 4X4 qui vous donnent le go\u00fbt de la conqu\u00eate du monde et que les passants admirent malgr\u00e9 eux.<br \/>\nJ\u2019avais d\u2019ailleurs promis \u00e0 un de mes amis de l\u2019emmener ou le ramener dans la voiture familiale, si notre parcours d\u2019\u00e9cole correspondait aux d\u00e9placements du chauffeur. Un jour alors que j\u2019invitai mon copain \u00e0 monter dans la voiture, le chauffeur est intervenu en opposant un \u201cNON\u201d ferme et d\u00e9finitif qui a mis fin \u00e0 tout tentative ult\u00e9rieure de faire profiter de la voiture \u00e0 mes amis.<br \/>\nJe garde le souvenir d\u2019une l\u00e9g\u00e8re humiliation de cet incident. je pense que j\u2019ai pris quelque peu conscience, malgr\u00e9 mon jeune \u00e2ge, que le regard que portait les autres sur nous avaient chang\u00e9. Ma perception du monde s\u2019affinait et je prenais conscience que plusieurs univers se c\u00f4toyaient, bord\u00e9s d\u2019une fronti\u00e8re qu\u2019on appelle le \u201cstatut social\u201d, principalement affich\u00e9 par des biens ostentatoires.<br \/>\n&#8230;<\/p>\n<p>Elle s\u2019organisait tr\u00e8s bien. Le matin elle commen\u00e7ait par recevoir ses clientes qui lui commandaient des mod\u00e8les qu\u2019elles choisissaient sur le catalogue de la Redoute. Elle prenait leurs mesures, puis elle partait acheter le tissu et les diff\u00e9rents accessoires dont elle avait besoin. L\u2019apr\u00e8s-midi elle repartait \u00e0 ses cours. Le soir elle pr\u00e9parait avec soin ses patrons. Pour les grands ignorants qui n\u2019ont jamais c\u00f4toy\u00e9 le monde de la mode, le patron est un calque qui sert \u00e0 dupliquer l\u2019ensemble des pi\u00e8ces de tissus avant l\u2019assemblage du v\u00eatement.<br \/>\nSous mon oeil admirateur, apr\u00e8s avoir v\u00e9rifi\u00e9 ses mesures, dessin\u00e9 son patron, elle coupait le tissu avec s\u00fbret\u00e9 et dext\u00e9rit\u00e9, tout en marmonnant, r\u00e2lant, tergiversant et finissant toujours par s\u2019exclamer:<br \/>\n\u201c j\u2019ai r\u00e9ussi!\u201d<br \/>\nJ\u2019\u00e9tais toujours \u00e9t\u00e9 impressionn\u00e9 par l\u2019intelligence de ma m\u00e8re d\u2019arriver \u00e0 ordonner ces bouts de tissu pour en faire un superbe v\u00eatement.<br \/>\nC\u2019est apr\u00e8s cette op\u00e9ration que j\u2019intervenais. J\u2019\u00e9tais de corv\u00e9e de surfilage parce que ma m\u00e8re n\u2019avait pas la machine adapt\u00e9e pour coudre chez elle et qu\u2019il fallait malgr\u00e9 tout assembler provisoirement les pi\u00e8ces de tissu.<\/p>\n<p><a href=\"http:\/\/creativecommons.org\/licenses\/by-nc-nd\/2.0\/fr\/\" rel=\"license\"><img decoding=\"async\" style=\"border-width: 0;\" src=\"http:\/\/i.creativecommons.org\/l\/by-nc-nd\/2.0\/fr\/88x31.png\" alt=\"Licence Creative Commons\"><\/a><br \/>\nCe(tte) \u0153uvre est mise \u00e0 disposition selon les termes de la <a href=\"http:\/\/creativecommons.org\/licenses\/by-nc-nd\/2.0\/fr\/\" rel=\"license\">Licence Creative Commons Attribution &#8211; Pas d\u2019Utilisation Commerciale &#8211; Pas de Modification 2.0 France<\/a>.<\/p>\n","protected":false},"excerpt":{"rendered":"<p>Biographie \u00ab\u00a0la porte\u00a0\u00bb Ce livre&nbsp; a \u00e9t\u00e9 r\u00e9alis\u00e9 \u00e0 partir de 26 heures d&rsquo;enregistrement de son auteur puis un travail de r\u00e9\u00e9criture et de r\u00e9adaptation pour en restructurer le r\u00e9cit afin de cr\u00e9er une histoire non chronologique r\u00e9servant le d\u00e9voilement du r\u00e9cit. La couverture a \u00e9t\u00e9 r\u00e9alis\u00e9e \u00e0 partir d&rsquo;une aquarelle originale de Nathalie Richard &hellip; <a href=\"https:\/\/ecrire-coach.biographe-valeriejean.fr\/?p=38\" class=\"more-link\">Continuer la lecture de <span class=\"screen-reader-text\">Le livre de la biographie \u00ab\u00a0La porte\u00a0\u00bb<\/span>  <span class=\"meta-nav\">&rarr;<\/span><\/a><\/p>\n","protected":false},"author":1,"featured_media":2385,"comment_status":"open","ping_status":"closed","sticky":false,"template":"","format":"standard","meta":{"footnotes":""},"categories":[2],"tags":[36,101,139],"class_list":["post-38","post","type-post","status-publish","format-standard","has-post-thumbnail","hentry","category-les-biographies-realisees","tag-biographie-romancee","tag-memoires","tag-temoignage"],"aioseo_notices":[],"jetpack_featured_media_url":"","_links":{"self":[{"href":"https:\/\/ecrire-coach.biographe-valeriejean.fr\/index.php?rest_route=\/wp\/v2\/posts\/38","targetHints":{"allow":["GET"]}}],"collection":[{"href":"https:\/\/ecrire-coach.biographe-valeriejean.fr\/index.php?rest_route=\/wp\/v2\/posts"}],"about":[{"href":"https:\/\/ecrire-coach.biographe-valeriejean.fr\/index.php?rest_route=\/wp\/v2\/types\/post"}],"author":[{"embeddable":true,"href":"https:\/\/ecrire-coach.biographe-valeriejean.fr\/index.php?rest_route=\/wp\/v2\/users\/1"}],"replies":[{"embeddable":true,"href":"https:\/\/ecrire-coach.biographe-valeriejean.fr\/index.php?rest_route=%2Fwp%2Fv2%2Fcomments&post=38"}],"version-history":[{"count":0,"href":"https:\/\/ecrire-coach.biographe-valeriejean.fr\/index.php?rest_route=\/wp\/v2\/posts\/38\/revisions"}],"wp:featuredmedia":[{"embeddable":true,"href":"https:\/\/ecrire-coach.biographe-valeriejean.fr\/index.php?rest_route=\/"}],"wp:attachment":[{"href":"https:\/\/ecrire-coach.biographe-valeriejean.fr\/index.php?rest_route=%2Fwp%2Fv2%2Fmedia&parent=38"}],"wp:term":[{"taxonomy":"category","embeddable":true,"href":"https:\/\/ecrire-coach.biographe-valeriejean.fr\/index.php?rest_route=%2Fwp%2Fv2%2Fcategories&post=38"},{"taxonomy":"post_tag","embeddable":true,"href":"https:\/\/ecrire-coach.biographe-valeriejean.fr\/index.php?rest_route=%2Fwp%2Fv2%2Ftags&post=38"}],"curies":[{"name":"wp","href":"https:\/\/api.w.org\/{rel}","templated":true}]}}